{"id":812,"date":"2023-06-11T14:15:38","date_gmt":"2023-06-11T12:15:38","guid":{"rendered":"https:\/\/olivierfelixisselin.com\/?p=812"},"modified":"2023-10-25T04:32:24","modified_gmt":"2023-10-25T02:32:24","slug":"electronic-meetings-combine-emerging-artistic-and-technological-trends","status":"publish","type":"post","link":"https:\/\/olivierfelixisselin.com\/index.php\/en\/2023\/06\/11\/electronic-meetings-combine-emerging-artistic-and-technological-trends\/","title":{"rendered":"Electronic Meetings combine emerging artistic and technological trends."},"content":{"rendered":"\n<p>Le monde \u2013 interview by Pauline Garaude \u2013 17 sept 2002.<\/p>\n\n\n\n<div style=\"height:30px\" aria-hidden=\"true\" class=\"wp-block-spacer\"><\/div>\n\n\n\n<p class=\"has-large-font-size\">More than just a festival, the Rendez-Vous Electroniques have become a manifesto of electronic cultures. For its 5th edition, this event, taking place from September 6th to 24th, places a strong emphasis on visual imagery. Olivier Isselin, the artistic director of the Rendez-Vous Electroniques, presents the main highlights.<\/p>\n\n\n\n<div class=\"wp-block-columns is-layout-flex wp-container-core-columns-is-layout-28f84493 wp-block-columns-is-layout-flex\">\n<div class=\"wp-block-column is-layout-flow wp-block-column-is-layout-flow\">\n<figure class=\"wp-block-image size-large\"><img loading=\"lazy\" decoding=\"async\" width=\"747\" height=\"1024\" src=\"https:\/\/olivierfelixisselin.com\/wp-content\/uploads\/2023\/05\/inteviewLEMONDE1-copie-747x1024.jpg\" alt=\"interview of Olivier Felix Isselin, artistic director - Le Monde - 2002\" class=\"wp-image-813\" srcset=\"https:\/\/olivierfelixisselin.com\/wp-content\/uploads\/2023\/05\/inteviewLEMONDE1-copie-747x1024.jpg 747w, https:\/\/olivierfelixisselin.com\/wp-content\/uploads\/2023\/05\/inteviewLEMONDE1-copie-219x300.jpg 219w, https:\/\/olivierfelixisselin.com\/wp-content\/uploads\/2023\/05\/inteviewLEMONDE1-copie-768x1053.jpg 768w, https:\/\/olivierfelixisselin.com\/wp-content\/uploads\/2023\/05\/inteviewLEMONDE1-copie-1120x1536.jpg 1120w, https:\/\/olivierfelixisselin.com\/wp-content\/uploads\/2023\/05\/inteviewLEMONDE1-copie.jpg 1422w\" sizes=\"auto, (max-width: 747px) 100vw, 747px\" \/><\/figure>\n<\/div>\n\n\n\n<div class=\"wp-block-column is-layout-flow wp-block-column-is-layout-flow\">\n<p><strong>Visual imagery plays an essential role in the 2002 Rendez-Vous Electroniques. What is your ambition for this fifth edition of the festival?<\/strong><\/p>\n\n\n\n<p>In our society, I believe that the public forms opinions through images. Images leave the strongest impact and take precedence over words. They also reflect our culture, especially since today&rsquo;s creators belong to a generation born into the era of images. Therefore, it was important to reveal the omnipresence of images in the electronic cultural sphere, through all the different forms of expression it takes. <\/p>\n<\/div>\n<\/div>\n\n\n\n<p>Our goal is to show the public that there is more to experience than what is offered by television or major producers of commercial culture. Electronic cultures disrupt because they strive to be free and reject the \u00ab\u00a0dictates\u00a0\u00bb of certain multinational corporations. I want to represent a sample that proves how images and electronic cultures encompass various movements, such as the \u00ab\u00a0trans\u00a0\u00bb and psychedelic, documentary or film genres showcased in the \u00ab\u00a0New Image Programming\u00a0\u00bb series, as well as the performances of \u00ab\u00a0video-jockeys,\u00a0\u00bb music videos, and photography with the #rt Outsiders festival. Additionally, two conferences will be dedicated to the increasingly close ties between electronic music, cinema, and video games, where synergy is growing between game creators, image creators, and sound creators.<\/p>\n\n\n\n<p><strong>How do you explain the growing importance of imagery in the realm of electronic music?<\/strong><\/p>\n\n\n\n<p>Electronic music alone never constitutes a visual spectacle like a concert by David Bowie. A DJ mixing music does not offer a theatrical experience. There is a void to fill, a scenography to design around the music. Therefore, imagery is an integral part of the music, along with the venue and the spatial morphology. However, in the electronic domain, both image and technology are ever-evolving. In terms of mainstream performances, Pink Floyd were the first great architects who integrated light and imagery with music on stage. They were the pioneers who offered a new conception to the venue. The band created an ambiance, a whole experience, by connecting music, image, video, venue, and light.<\/p>\n\n\n\n<p><strong>\u00ab\u00a0VJing\u00a0\u00bb is one of the artistic performances associated with electronic music. Furthermore, an increasing number of VJs are releasing their performances on DVD. What does this evolution symbolize?<\/strong><\/p>\n\n\n\n<p>The practice of \u00ab\u00a0VJing\u00a0\u00bb is highly diversified. There are different types of VJs: those who create images, filmed or computer-generated, specifically to mix them with music later on; those who work simultaneously with the DJ; and others who plan a live performance with projected images. The video medium remains challenging for artists, as it is difficult to sell, hence the advantage of DVDs. However, let&rsquo;s not deceive ourselves: an artist needs to make a living. Fixing a creation on a medium and commercializing it can provide them with a livelihood, similar to how records function. Until now, live performances dominated because the technologies did not allow for much else.<\/p>\n\n\n\n<hr class=\"wp-block-separator has-text-color has-black-color has-alpha-channel-opacity has-black-background-color has-background is-style-wide\"\/>\n\n\n\n<div class=\"wp-block-columns is-layout-flex wp-container-core-columns-is-layout-28f84493 wp-block-columns-is-layout-flex\">\n<div class=\"wp-block-column is-layout-flow wp-block-column-is-layout-flow\">\n<p><a href=\"https:\/\/olivierfelixisselin.com\/index.php\/en\/\">&lt;&lt;&lt; Homepage.<\/a><\/p>\n<\/div>\n\n\n\n<div class=\"wp-block-column is-layout-flow wp-block-column-is-layout-flow\">\n<div class=\"wp-block-columns is-layout-flex wp-container-core-columns-is-layout-28f84493 wp-block-columns-is-layout-flex\">\n<div class=\"wp-block-column is-layout-flow wp-block-column-is-layout-flow\">\n<figure class=\"wp-block-image size-full is-resized\"><a href=\"https:\/\/www.instagram.com\/felix.isselin\/\"><img loading=\"lazy\" decoding=\"async\" width=\"180\" height=\"180\" src=\"https:\/\/olivierfelixisselin.com\/wp-content\/uploads\/2023\/06\/insta-1.jpg\" alt=\"\" class=\"wp-image-547\" style=\"object-fit:cover;width:45px;height:45px\" srcset=\"https:\/\/olivierfelixisselin.com\/wp-content\/uploads\/2023\/06\/insta-1.jpg 180w, https:\/\/olivierfelixisselin.com\/wp-content\/uploads\/2023\/06\/insta-1-150x150.jpg 150w\" sizes=\"auto, (max-width: 180px) 100vw, 180px\" \/><\/a><\/figure>\n<\/div>\n\n\n\n<div class=\"wp-block-column is-layout-flow wp-block-column-is-layout-flow\">\n<figure class=\"wp-block-image size-full is-resized\"><a href=\"https:\/\/www.facebook.com\/FelixIsselin\"><img loading=\"lazy\" decoding=\"async\" width=\"180\" height=\"180\" src=\"https:\/\/olivierfelixisselin.com\/wp-content\/uploads\/2023\/06\/logo-fcbk.jpg\" alt=\"\" class=\"wp-image-548\" style=\"object-fit:cover;width:45px;height:45px\" srcset=\"https:\/\/olivierfelixisselin.com\/wp-content\/uploads\/2023\/06\/logo-fcbk.jpg 180w, https:\/\/olivierfelixisselin.com\/wp-content\/uploads\/2023\/06\/logo-fcbk-150x150.jpg 150w\" sizes=\"auto, (max-width: 180px) 100vw, 180px\" \/><\/a><\/figure>\n<\/div>\n\n\n\n<div class=\"wp-block-column is-layout-flow wp-block-column-is-layout-flow\">\n<figure class=\"wp-block-image size-full is-resized\"><a href=\"https:\/\/www.linkedin.com\/in\/olivier-felix-isselin-31915b84\/\"><img loading=\"lazy\" decoding=\"async\" width=\"180\" height=\"180\" src=\"https:\/\/olivierfelixisselin.com\/wp-content\/uploads\/2023\/06\/lkdn.jpg\" alt=\"\" class=\"wp-image-549\" style=\"object-fit:cover;width:45px;height:45px\" srcset=\"https:\/\/olivierfelixisselin.com\/wp-content\/uploads\/2023\/06\/lkdn.jpg 180w, https:\/\/olivierfelixisselin.com\/wp-content\/uploads\/2023\/06\/lkdn-150x150.jpg 150w\" sizes=\"auto, (max-width: 180px) 100vw, 180px\" \/><\/a><\/figure>\n<\/div>\n<\/div>\n<\/div>\n\n\n\n<div class=\"wp-block-column is-layout-flow wp-block-column-is-layout-flow\">\n<div class=\"wp-block-columns is-layout-flex wp-container-core-columns-is-layout-28f84493 wp-block-columns-is-layout-flex\">\n<div class=\"wp-block-column is-layout-flow wp-block-column-is-layout-flow\"><\/div>\n\n\n\n<div class=\"wp-block-column is-layout-flow wp-block-column-is-layout-flow\">\n<figure class=\"wp-block-image size-full is-resized\"><a href=\"https:\/\/olivierfelixisselin.com\/index.php\/it\/2023\/07\/01\/il-rendez-vous-elettronici-mescolano-tendenze-artistiche-ed-emergenti-tecnologiche\/\"><img loading=\"lazy\" decoding=\"async\" width=\"50\" height=\"26\" src=\"https:\/\/olivierfelixisselin.com\/wp-content\/uploads\/2023\/06\/flag-it.png\" alt=\"\" class=\"wp-image-1163\"\/><\/a><\/figure>\n<\/div>\n\n\n\n<div class=\"wp-block-column is-layout-flow wp-block-column-is-layout-flow\">\n<figure class=\"wp-block-image size-full is-resized\"><a href=\"https:\/\/olivierfelixisselin.com\/index.php\/2023\/05\/22\/les-rendez-vous-electroniques-interview-lemonde-olivier-felix-isselin\/\"><img loading=\"lazy\" decoding=\"async\" width=\"50\" height=\"26\" src=\"https:\/\/olivierfelixisselin.com\/wp-content\/uploads\/2023\/06\/france.png\" alt=\"\" class=\"wp-image-587\"\/><\/a><\/figure>\n<\/div>\n<\/div>\n<\/div>\n<\/div>\n","protected":false},"excerpt":{"rendered":"<p>Le monde \u2013 interview by Pauline Garaude \u2013 17 sept 2002. More than just a [&hellip;]<\/p>\n","protected":false},"author":1,"featured_media":0,"comment_status":"open","ping_status":"open","sticky":false,"template":"","format":"standard","meta":{"footnotes":""},"categories":[134,30],"tags":[],"class_list":["post-812","post","type-post","status-publish","format-standard","hentry","category-miscellaneous","category-press"],"yoast_head":"<!-- This site is optimized with the Yoast SEO plugin v27.5 - https:\/\/yoast.com\/product\/yoast-seo-wordpress\/ -->\n<title>Festival ReVE - Interview Le Monde - Olivier Felix Isselin<\/title>\n<meta name=\"description\" content=\"OFI Archive - interview O. F. Isselin - Le Monde - &quot;More than a festival, the ReVEs have become a manifesto of electronic cultures (...)\" \/>\n<meta name=\"robots\" content=\"index, follow, max-snippet:-1, max-image-preview:large, max-video-preview:-1\" \/>\n<link rel=\"canonical\" href=\"https:\/\/olivierfelixisselin.com\/index.php\/en\/2023\/06\/11\/electronic-meetings-combine-emerging-artistic-and-technological-trends\/\" \/>\n<meta property=\"og:locale\" content=\"fr_FR\" \/>\n<meta property=\"og:type\" content=\"article\" \/>\n<meta property=\"og:title\" content=\"Festival ReVE - Interview Le Monde - Olivier Felix Isselin\" \/>\n<meta property=\"og:description\" content=\"OFI Archive - interview O. F. Isselin - Le Monde - &quot;More than a festival, the ReVEs have become a manifesto of electronic cultures (...)\" \/>\n<meta property=\"og:url\" content=\"https:\/\/olivierfelixisselin.com\/index.php\/en\/2023\/06\/11\/electronic-meetings-combine-emerging-artistic-and-technological-trends\/\" \/>\n<meta property=\"og:site_name\" content=\"Olivier Felix Isselin\" \/>\n<meta property=\"article:publisher\" content=\"https:\/\/www.facebook.com\/FelixIsselin\" \/>\n<meta property=\"article:author\" content=\"https:\/\/www.facebook.com\/FelixIsselin\/\" \/>\n<meta property=\"article:published_time\" content=\"2023-06-11T12:15:38+00:00\" \/>\n<meta property=\"article:modified_time\" content=\"2023-10-25T02:32:24+00:00\" \/>\n<meta property=\"og:image\" content=\"https:\/\/olivierfelixisselin.com\/wp-content\/uploads\/2023\/05\/inteviewLEMONDE1-copie-747x1024.jpg\" \/>\n<meta name=\"author\" content=\"admin1037\" \/>\n<meta name=\"twitter:card\" content=\"summary_large_image\" \/>\n<meta name=\"twitter:creator\" content=\"@FelixISSELIN\" \/>\n<meta name=\"twitter:site\" content=\"@FelixISSELIN\" \/>\n<meta name=\"twitter:label1\" content=\"\u00c9crit par\" \/>\n\t<meta name=\"twitter:data1\" content=\"admin1037\" \/>\n\t<meta name=\"twitter:label2\" content=\"Dur\u00e9e de lecture estim\u00e9e\" \/>\n\t<meta name=\"twitter:data2\" content=\"4 minutes\" \/>\n<script type=\"application\/ld+json\" class=\"yoast-schema-graph\">{\"@context\":\"https:\\\/\\\/schema.org\",\"@graph\":[{\"@type\":\"Article\",\"@id\":\"https:\\\/\\\/olivierfelixisselin.com\\\/index.php\\\/en\\\/2023\\\/06\\\/11\\\/electronic-meetings-combine-emerging-artistic-and-technological-trends\\\/#article\",\"isPartOf\":{\"@id\":\"https:\\\/\\\/olivierfelixisselin.com\\\/index.php\\\/en\\\/2023\\\/06\\\/11\\\/electronic-meetings-combine-emerging-artistic-and-technological-trends\\\/\"},\"author\":{\"name\":\"admin1037\",\"@id\":\"https:\\\/\\\/olivierfelixisselin.com\\\/#\\\/schema\\\/person\\\/7722c1cf90d811c75e665a92b208ab0a\"},\"headline\":\"Electronic Meetings combine emerging artistic and technological trends.\",\"datePublished\":\"2023-06-11T12:15:38+00:00\",\"dateModified\":\"2023-10-25T02:32:24+00:00\",\"mainEntityOfPage\":{\"@id\":\"https:\\\/\\\/olivierfelixisselin.com\\\/index.php\\\/en\\\/2023\\\/06\\\/11\\\/electronic-meetings-combine-emerging-artistic-and-technological-trends\\\/\"},\"wordCount\":542,\"commentCount\":0,\"publisher\":{\"@id\":\"https:\\\/\\\/olivierfelixisselin.com\\\/#organization\"},\"image\":{\"@id\":\"https:\\\/\\\/olivierfelixisselin.com\\\/index.php\\\/en\\\/2023\\\/06\\\/11\\\/electronic-meetings-combine-emerging-artistic-and-technological-trends\\\/#primaryimage\"},\"thumbnailUrl\":\"https:\\\/\\\/olivierfelixisselin.com\\\/wp-content\\\/uploads\\\/2023\\\/05\\\/inteviewLEMONDE1-copie-747x1024.jpg\",\"articleSection\":[\"Miscellaneous\",\"Press\"],\"inLanguage\":\"fr-FR\",\"potentialAction\":[{\"@type\":\"CommentAction\",\"name\":\"Comment\",\"target\":[\"https:\\\/\\\/olivierfelixisselin.com\\\/index.php\\\/en\\\/2023\\\/06\\\/11\\\/electronic-meetings-combine-emerging-artistic-and-technological-trends\\\/#respond\"]}]},{\"@type\":\"WebPage\",\"@id\":\"https:\\\/\\\/olivierfelixisselin.com\\\/index.php\\\/en\\\/2023\\\/06\\\/11\\\/electronic-meetings-combine-emerging-artistic-and-technological-trends\\\/\",\"url\":\"https:\\\/\\\/olivierfelixisselin.com\\\/index.php\\\/en\\\/2023\\\/06\\\/11\\\/electronic-meetings-combine-emerging-artistic-and-technological-trends\\\/\",\"name\":\"Festival ReVE - Interview Le Monde - Olivier Felix Isselin\",\"isPartOf\":{\"@id\":\"https:\\\/\\\/olivierfelixisselin.com\\\/#website\"},\"primaryImageOfPage\":{\"@id\":\"https:\\\/\\\/olivierfelixisselin.com\\\/index.php\\\/en\\\/2023\\\/06\\\/11\\\/electronic-meetings-combine-emerging-artistic-and-technological-trends\\\/#primaryimage\"},\"image\":{\"@id\":\"https:\\\/\\\/olivierfelixisselin.com\\\/index.php\\\/en\\\/2023\\\/06\\\/11\\\/electronic-meetings-combine-emerging-artistic-and-technological-trends\\\/#primaryimage\"},\"thumbnailUrl\":\"https:\\\/\\\/olivierfelixisselin.com\\\/wp-content\\\/uploads\\\/2023\\\/05\\\/inteviewLEMONDE1-copie-747x1024.jpg\",\"datePublished\":\"2023-06-11T12:15:38+00:00\",\"dateModified\":\"2023-10-25T02:32:24+00:00\",\"description\":\"OFI Archive - interview O. F. Isselin - Le Monde - \\\"More than a festival, the ReVEs have become a manifesto of electronic cultures (...)\",\"breadcrumb\":{\"@id\":\"https:\\\/\\\/olivierfelixisselin.com\\\/index.php\\\/en\\\/2023\\\/06\\\/11\\\/electronic-meetings-combine-emerging-artistic-and-technological-trends\\\/#breadcrumb\"},\"inLanguage\":\"fr-FR\",\"potentialAction\":[{\"@type\":\"ReadAction\",\"target\":[\"https:\\\/\\\/olivierfelixisselin.com\\\/index.php\\\/en\\\/2023\\\/06\\\/11\\\/electronic-meetings-combine-emerging-artistic-and-technological-trends\\\/\"]}]},{\"@type\":\"ImageObject\",\"inLanguage\":\"fr-FR\",\"@id\":\"https:\\\/\\\/olivierfelixisselin.com\\\/index.php\\\/en\\\/2023\\\/06\\\/11\\\/electronic-meetings-combine-emerging-artistic-and-technological-trends\\\/#primaryimage\",\"url\":\"https:\\\/\\\/olivierfelixisselin.com\\\/wp-content\\\/uploads\\\/2023\\\/05\\\/inteviewLEMONDE1-copie.jpg\",\"contentUrl\":\"https:\\\/\\\/olivierfelixisselin.com\\\/wp-content\\\/uploads\\\/2023\\\/05\\\/inteviewLEMONDE1-copie.jpg\",\"width\":1422,\"height\":1950,\"caption\":\"Interview Olivier Felix Isselin - journal Le Monde\"},{\"@type\":\"BreadcrumbList\",\"@id\":\"https:\\\/\\\/olivierfelixisselin.com\\\/index.php\\\/en\\\/2023\\\/06\\\/11\\\/electronic-meetings-combine-emerging-artistic-and-technological-trends\\\/#breadcrumb\",\"itemListElement\":[{\"@type\":\"ListItem\",\"position\":1,\"name\":\"Accueil\",\"item\":\"https:\\\/\\\/olivierfelixisselin.com\\\/\"},{\"@type\":\"ListItem\",\"position\":2,\"name\":\"Electronic Meetings combine emerging artistic and technological trends.\"}]},{\"@type\":\"WebSite\",\"@id\":\"https:\\\/\\\/olivierfelixisselin.com\\\/#website\",\"url\":\"https:\\\/\\\/olivierfelixisselin.com\\\/\",\"name\":\"Olivier Felix Isselin\",\"description\":\"- - -\",\"publisher\":{\"@id\":\"https:\\\/\\\/olivierfelixisselin.com\\\/#organization\"},\"alternateName\":\"OFI\",\"potentialAction\":[{\"@type\":\"SearchAction\",\"target\":{\"@type\":\"EntryPoint\",\"urlTemplate\":\"https:\\\/\\\/olivierfelixisselin.com\\\/?s={search_term_string}\"},\"query-input\":{\"@type\":\"PropertyValueSpecification\",\"valueRequired\":true,\"valueName\":\"search_term_string\"}}],\"inLanguage\":\"fr-FR\"},{\"@type\":\"Organization\",\"@id\":\"https:\\\/\\\/olivierfelixisselin.com\\\/#organization\",\"name\":\"Olivier Felix Isselin\",\"alternateName\":\"OFI\",\"url\":\"https:\\\/\\\/olivierfelixisselin.com\\\/\",\"logo\":{\"@type\":\"ImageObject\",\"inLanguage\":\"fr-FR\",\"@id\":\"https:\\\/\\\/olivierfelixisselin.com\\\/#\\\/schema\\\/logo\\\/image\\\/\",\"url\":\"https:\\\/\\\/olivierfelixisselin.com\\\/wp-content\\\/uploads\\\/2023\\\/05\\\/cropped-cropped-logo-fourmiliere-ikb.png\",\"contentUrl\":\"https:\\\/\\\/olivierfelixisselin.com\\\/wp-content\\\/uploads\\\/2023\\\/05\\\/cropped-cropped-logo-fourmiliere-ikb.png\",\"width\":512,\"height\":512,\"caption\":\"Olivier Felix Isselin\"},\"image\":{\"@id\":\"https:\\\/\\\/olivierfelixisselin.com\\\/#\\\/schema\\\/logo\\\/image\\\/\"},\"sameAs\":[\"https:\\\/\\\/www.facebook.com\\\/FelixIsselin\",\"https:\\\/\\\/x.com\\\/FelixISSELIN\",\"https:\\\/\\\/www.instagram.com\\\/felix.isselin\\\/\",\"https:\\\/\\\/www.linkedin.com\\\/in\\\/olivier-felix-isselin-31915b84\\\/\"]},{\"@type\":\"Person\",\"@id\":\"https:\\\/\\\/olivierfelixisselin.com\\\/#\\\/schema\\\/person\\\/7722c1cf90d811c75e665a92b208ab0a\",\"name\":\"admin1037\",\"image\":{\"@type\":\"ImageObject\",\"inLanguage\":\"fr-FR\",\"@id\":\"https:\\\/\\\/secure.gravatar.com\\\/avatar\\\/b2b592ff1e7ac9296f7d27f28579b35a568e15c7a7e79a5f45cdef82ead38e2c?s=96&d=robohash&r=g\",\"url\":\"https:\\\/\\\/secure.gravatar.com\\\/avatar\\\/b2b592ff1e7ac9296f7d27f28579b35a568e15c7a7e79a5f45cdef82ead38e2c?s=96&d=robohash&r=g\",\"contentUrl\":\"https:\\\/\\\/secure.gravatar.com\\\/avatar\\\/b2b592ff1e7ac9296f7d27f28579b35a568e15c7a7e79a5f45cdef82ead38e2c?s=96&d=robohash&r=g\",\"caption\":\"admin1037\"},\"sameAs\":[\"http:\\\/\\\/olivierfelixisselin.com\",\"https:\\\/\\\/www.facebook.com\\\/FelixIsselin\\\/\",\"https:\\\/\\\/www.instagram.com\\\/felix.isselin\\\/\",\"https:\\\/\\\/www.linkedin.com\\\/in\\\/olivier-felix-isselin-31915b84\\\/\"],\"url\":\"https:\\\/\\\/olivierfelixisselin.com\\\/index.php\\\/author\\\/admin1037\\\/\"}]}<\/script>\n<!-- \/ Yoast SEO plugin. -->","yoast_head_json":{"title":"Festival ReVE - Interview Le Monde - Olivier Felix Isselin","description":"OFI Archive - interview O. F. Isselin - Le Monde - \"More than a festival, the ReVEs have become a manifesto of electronic cultures (...)","robots":{"index":"index","follow":"follow","max-snippet":"max-snippet:-1","max-image-preview":"max-image-preview:large","max-video-preview":"max-video-preview:-1"},"canonical":"https:\/\/olivierfelixisselin.com\/index.php\/en\/2023\/06\/11\/electronic-meetings-combine-emerging-artistic-and-technological-trends\/","og_locale":"fr_FR","og_type":"article","og_title":"Festival ReVE - Interview Le Monde - Olivier Felix Isselin","og_description":"OFI Archive - interview O. F. Isselin - Le Monde - \"More than a festival, the ReVEs have become a manifesto of electronic cultures (...)","og_url":"https:\/\/olivierfelixisselin.com\/index.php\/en\/2023\/06\/11\/electronic-meetings-combine-emerging-artistic-and-technological-trends\/","og_site_name":"Olivier Felix Isselin","article_publisher":"https:\/\/www.facebook.com\/FelixIsselin","article_author":"https:\/\/www.facebook.com\/FelixIsselin\/","article_published_time":"2023-06-11T12:15:38+00:00","article_modified_time":"2023-10-25T02:32:24+00:00","og_image":[{"url":"https:\/\/olivierfelixisselin.com\/wp-content\/uploads\/2023\/05\/inteviewLEMONDE1-copie-747x1024.jpg","type":"","width":"","height":""}],"author":"admin1037","twitter_card":"summary_large_image","twitter_creator":"@FelixISSELIN","twitter_site":"@FelixISSELIN","twitter_misc":{"\u00c9crit par":"admin1037","Dur\u00e9e de lecture estim\u00e9e":"4 minutes"},"schema":{"@context":"https:\/\/schema.org","@graph":[{"@type":"Article","@id":"https:\/\/olivierfelixisselin.com\/index.php\/en\/2023\/06\/11\/electronic-meetings-combine-emerging-artistic-and-technological-trends\/#article","isPartOf":{"@id":"https:\/\/olivierfelixisselin.com\/index.php\/en\/2023\/06\/11\/electronic-meetings-combine-emerging-artistic-and-technological-trends\/"},"author":{"name":"admin1037","@id":"https:\/\/olivierfelixisselin.com\/#\/schema\/person\/7722c1cf90d811c75e665a92b208ab0a"},"headline":"Electronic Meetings combine emerging artistic and technological trends.","datePublished":"2023-06-11T12:15:38+00:00","dateModified":"2023-10-25T02:32:24+00:00","mainEntityOfPage":{"@id":"https:\/\/olivierfelixisselin.com\/index.php\/en\/2023\/06\/11\/electronic-meetings-combine-emerging-artistic-and-technological-trends\/"},"wordCount":542,"commentCount":0,"publisher":{"@id":"https:\/\/olivierfelixisselin.com\/#organization"},"image":{"@id":"https:\/\/olivierfelixisselin.com\/index.php\/en\/2023\/06\/11\/electronic-meetings-combine-emerging-artistic-and-technological-trends\/#primaryimage"},"thumbnailUrl":"https:\/\/olivierfelixisselin.com\/wp-content\/uploads\/2023\/05\/inteviewLEMONDE1-copie-747x1024.jpg","articleSection":["Miscellaneous","Press"],"inLanguage":"fr-FR","potentialAction":[{"@type":"CommentAction","name":"Comment","target":["https:\/\/olivierfelixisselin.com\/index.php\/en\/2023\/06\/11\/electronic-meetings-combine-emerging-artistic-and-technological-trends\/#respond"]}]},{"@type":"WebPage","@id":"https:\/\/olivierfelixisselin.com\/index.php\/en\/2023\/06\/11\/electronic-meetings-combine-emerging-artistic-and-technological-trends\/","url":"https:\/\/olivierfelixisselin.com\/index.php\/en\/2023\/06\/11\/electronic-meetings-combine-emerging-artistic-and-technological-trends\/","name":"Festival ReVE - Interview Le Monde - Olivier Felix Isselin","isPartOf":{"@id":"https:\/\/olivierfelixisselin.com\/#website"},"primaryImageOfPage":{"@id":"https:\/\/olivierfelixisselin.com\/index.php\/en\/2023\/06\/11\/electronic-meetings-combine-emerging-artistic-and-technological-trends\/#primaryimage"},"image":{"@id":"https:\/\/olivierfelixisselin.com\/index.php\/en\/2023\/06\/11\/electronic-meetings-combine-emerging-artistic-and-technological-trends\/#primaryimage"},"thumbnailUrl":"https:\/\/olivierfelixisselin.com\/wp-content\/uploads\/2023\/05\/inteviewLEMONDE1-copie-747x1024.jpg","datePublished":"2023-06-11T12:15:38+00:00","dateModified":"2023-10-25T02:32:24+00:00","description":"OFI Archive - interview O. F. Isselin - Le Monde - \"More than a festival, the ReVEs have become a manifesto of electronic cultures (...)","breadcrumb":{"@id":"https:\/\/olivierfelixisselin.com\/index.php\/en\/2023\/06\/11\/electronic-meetings-combine-emerging-artistic-and-technological-trends\/#breadcrumb"},"inLanguage":"fr-FR","potentialAction":[{"@type":"ReadAction","target":["https:\/\/olivierfelixisselin.com\/index.php\/en\/2023\/06\/11\/electronic-meetings-combine-emerging-artistic-and-technological-trends\/"]}]},{"@type":"ImageObject","inLanguage":"fr-FR","@id":"https:\/\/olivierfelixisselin.com\/index.php\/en\/2023\/06\/11\/electronic-meetings-combine-emerging-artistic-and-technological-trends\/#primaryimage","url":"https:\/\/olivierfelixisselin.com\/wp-content\/uploads\/2023\/05\/inteviewLEMONDE1-copie.jpg","contentUrl":"https:\/\/olivierfelixisselin.com\/wp-content\/uploads\/2023\/05\/inteviewLEMONDE1-copie.jpg","width":1422,"height":1950,"caption":"Interview Olivier Felix Isselin - journal Le Monde"},{"@type":"BreadcrumbList","@id":"https:\/\/olivierfelixisselin.com\/index.php\/en\/2023\/06\/11\/electronic-meetings-combine-emerging-artistic-and-technological-trends\/#breadcrumb","itemListElement":[{"@type":"ListItem","position":1,"name":"Accueil","item":"https:\/\/olivierfelixisselin.com\/"},{"@type":"ListItem","position":2,"name":"Electronic Meetings combine emerging artistic and technological trends."}]},{"@type":"WebSite","@id":"https:\/\/olivierfelixisselin.com\/#website","url":"https:\/\/olivierfelixisselin.com\/","name":"Olivier Felix Isselin","description":"- - -","publisher":{"@id":"https:\/\/olivierfelixisselin.com\/#organization"},"alternateName":"OFI","potentialAction":[{"@type":"SearchAction","target":{"@type":"EntryPoint","urlTemplate":"https:\/\/olivierfelixisselin.com\/?s={search_term_string}"},"query-input":{"@type":"PropertyValueSpecification","valueRequired":true,"valueName":"search_term_string"}}],"inLanguage":"fr-FR"},{"@type":"Organization","@id":"https:\/\/olivierfelixisselin.com\/#organization","name":"Olivier Felix Isselin","alternateName":"OFI","url":"https:\/\/olivierfelixisselin.com\/","logo":{"@type":"ImageObject","inLanguage":"fr-FR","@id":"https:\/\/olivierfelixisselin.com\/#\/schema\/logo\/image\/","url":"https:\/\/olivierfelixisselin.com\/wp-content\/uploads\/2023\/05\/cropped-cropped-logo-fourmiliere-ikb.png","contentUrl":"https:\/\/olivierfelixisselin.com\/wp-content\/uploads\/2023\/05\/cropped-cropped-logo-fourmiliere-ikb.png","width":512,"height":512,"caption":"Olivier Felix Isselin"},"image":{"@id":"https:\/\/olivierfelixisselin.com\/#\/schema\/logo\/image\/"},"sameAs":["https:\/\/www.facebook.com\/FelixIsselin","https:\/\/x.com\/FelixISSELIN","https:\/\/www.instagram.com\/felix.isselin\/","https:\/\/www.linkedin.com\/in\/olivier-felix-isselin-31915b84\/"]},{"@type":"Person","@id":"https:\/\/olivierfelixisselin.com\/#\/schema\/person\/7722c1cf90d811c75e665a92b208ab0a","name":"admin1037","image":{"@type":"ImageObject","inLanguage":"fr-FR","@id":"https:\/\/secure.gravatar.com\/avatar\/b2b592ff1e7ac9296f7d27f28579b35a568e15c7a7e79a5f45cdef82ead38e2c?s=96&d=robohash&r=g","url":"https:\/\/secure.gravatar.com\/avatar\/b2b592ff1e7ac9296f7d27f28579b35a568e15c7a7e79a5f45cdef82ead38e2c?s=96&d=robohash&r=g","contentUrl":"https:\/\/secure.gravatar.com\/avatar\/b2b592ff1e7ac9296f7d27f28579b35a568e15c7a7e79a5f45cdef82ead38e2c?s=96&d=robohash&r=g","caption":"admin1037"},"sameAs":["http:\/\/olivierfelixisselin.com","https:\/\/www.facebook.com\/FelixIsselin\/","https:\/\/www.instagram.com\/felix.isselin\/","https:\/\/www.linkedin.com\/in\/olivier-felix-isselin-31915b84\/"],"url":"https:\/\/olivierfelixisselin.com\/index.php\/author\/admin1037\/"}]}},"_links":{"self":[{"href":"https:\/\/olivierfelixisselin.com\/index.php\/wp-json\/wp\/v2\/posts\/812","targetHints":{"allow":["GET"]}}],"collection":[{"href":"https:\/\/olivierfelixisselin.com\/index.php\/wp-json\/wp\/v2\/posts"}],"about":[{"href":"https:\/\/olivierfelixisselin.com\/index.php\/wp-json\/wp\/v2\/types\/post"}],"author":[{"embeddable":true,"href":"https:\/\/olivierfelixisselin.com\/index.php\/wp-json\/wp\/v2\/users\/1"}],"replies":[{"embeddable":true,"href":"https:\/\/olivierfelixisselin.com\/index.php\/wp-json\/wp\/v2\/comments?post=812"}],"version-history":[{"count":4,"href":"https:\/\/olivierfelixisselin.com\/index.php\/wp-json\/wp\/v2\/posts\/812\/revisions"}],"predecessor-version":[{"id":2558,"href":"https:\/\/olivierfelixisselin.com\/index.php\/wp-json\/wp\/v2\/posts\/812\/revisions\/2558"}],"wp:attachment":[{"href":"https:\/\/olivierfelixisselin.com\/index.php\/wp-json\/wp\/v2\/media?parent=812"}],"wp:term":[{"taxonomy":"category","embeddable":true,"href":"https:\/\/olivierfelixisselin.com\/index.php\/wp-json\/wp\/v2\/categories?post=812"},{"taxonomy":"post_tag","embeddable":true,"href":"https:\/\/olivierfelixisselin.com\/index.php\/wp-json\/wp\/v2\/tags?post=812"}],"curies":[{"name":"wp","href":"https:\/\/api.w.org\/{rel}","templated":true}]}}