{"id":792,"date":"2023-06-11T11:16:25","date_gmt":"2023-06-11T09:16:25","guid":{"rendered":"https:\/\/olivierfelixisselin.com\/?p=792"},"modified":"2023-07-01T21:55:52","modified_gmt":"2023-07-01T19:55:52","slug":"light-at-the-source-of-photography","status":"publish","type":"post","link":"https:\/\/olivierfelixisselin.com\/index.php\/en\/2023\/06\/11\/light-at-the-source-of-photography\/","title":{"rendered":"Light at the Source of Photography."},"content":{"rendered":"\n<h2 class=\"wp-block-heading\">+ A New Contemporary Art Space in the Heart of Dijon.<\/h2>\n\n\n\n<p>Articles &#8211; by Lucie Vuillerme &#8211; Le Bien Public &#8211; Quartier Libre Weekly Supplement &#8211; Life of the Arts Section &#8211; March 4th to 10th, 2005 &#8211; Issue No. 227, p. 24.<\/p>\n\n\n\n<div style=\"height:21px\" aria-hidden=\"true\" class=\"wp-block-spacer\"><\/div>\n\n\n\n<div class=\"wp-block-columns is-layout-flex wp-container-core-columns-is-layout-28f84493 wp-block-columns-is-layout-flex\">\n<div class=\"wp-block-column is-layout-flow wp-block-column-is-layout-flow\">\n<figure class=\"wp-block-image size-large\"><img loading=\"lazy\" decoding=\"async\" width=\"686\" height=\"1024\" src=\"https:\/\/olivierfelixisselin.com\/wp-content\/uploads\/2023\/06\/article-ouverture-galerie-isselin-686x1024.jpeg\" alt=\"\" class=\"wp-image-794\" srcset=\"https:\/\/olivierfelixisselin.com\/wp-content\/uploads\/2023\/06\/article-ouverture-galerie-isselin-686x1024.jpeg 686w, https:\/\/olivierfelixisselin.com\/wp-content\/uploads\/2023\/06\/article-ouverture-galerie-isselin-201x300.jpeg 201w, https:\/\/olivierfelixisselin.com\/wp-content\/uploads\/2023\/06\/article-ouverture-galerie-isselin-768x1146.jpeg 768w, https:\/\/olivierfelixisselin.com\/wp-content\/uploads\/2023\/06\/article-ouverture-galerie-isselin-1029x1536.jpeg 1029w, https:\/\/olivierfelixisselin.com\/wp-content\/uploads\/2023\/06\/article-ouverture-galerie-isselin-scaled.jpeg 1372w\" sizes=\"auto, (max-width: 686px) 100vw, 686px\" \/><\/figure>\n<\/div>\n\n\n\n<div class=\"wp-block-column is-layout-flow wp-block-column-is-layout-flow\">\n<p>The new exhibition space in Dijon presents the latest works of photographer John Batho, focusing on the intimate essence of the light he captures.<\/p>\n\n\n\n<p>For its inauguration, the Isselin gallery creates a stir by hosting an artist who is internationally recognized, mentioned in the history of photography, and who resides in Dijon. John Batho, indeed, taught there at the School of Fine Arts for ten years and still works there part of the time.<\/p>\n\n\n\n<p>The works presented, about fifteen large-format prints, are not the easiest, but they reveal the sensitivity and precision of a great artist. However, they take on a particular meaning within a trajectory that has led John Batho to galleries worldwide.<\/p>\n<\/div>\n<\/div>\n\n\n\n<p>Born in 1939, John Batho is best known for his work on color, in which he has been dedicated since 1963 to capturing its full intensity through photographic techniques. His research earned him the Kodak Award for Photographic Criticism in 1977. In 2001, the Nic\u00e9phore Ni\u00e9pce Museum in Chalon-sur-Sa\u00f4ne organized a retrospective of his work, and the artist confides that the driving question behind it all remains: What is photography?<\/p>\n\n\n\n<p>Also, after the colorful feast of \u00ab\u00a0Man\u00e8ges\u00a0\u00bb (carousels) or \u00ab\u00a0Parasols\u00a0\u00bb (parasols), he went back \u00ab\u00a0to the source\u00a0\u00bb. For years, John Batho has been seeking to capture the most intimate aspects of light. Through series focused on simple elements, he captures its subtle variations, fascinated by its ability to \u00ab\u00a0reveal and conceal at the same time\u00a0\u00bb.<\/p>\n\n\n\n<p>The intimate space of the Isselin gallery lends itself to this close observation. Three themes dear to the photographer are explored, each renewed through the use of unique materials: altuglass and glass plates.<\/p>\n\n\n\n<p>The \u00ab\u00a0Papiers Lumi\u00e8re\u00a0\u00bb (light papers) capture the impact of a beam of light on a sheet of paper, intensifying the sensuality of its texture or opalescent clarity. The \u00ab\u00a0Surfaces\u00a0\u00bb feature a skillful arrangement that involves still, shimmering water and a vertical white screen. It creates a strange confrontation where light both absorbs and bounces off the surfaces.<\/p>\n\n\n\n<p>The \u00ab\u00a0Bu\u00e9es\u00a0\u00bb (mists) belong to an ancient issue that has been revived by the recent discovery of a translucent material, which is then fixed under glass to preserve image sharpness. Through photography&rsquo;s precision, the delicate lacework of light-penetrated water vapor is enhanced. The idea of capturing and preserving a fogged-up window delights John Batho and the gallery visitors. \u00ab\u00a0There, I am much closer to my subject,\u00a0\u00bb rejoices the photographer, betraying the demanding nature of his long-term, self-described \u00ab\u00a0musical\u00a0\u00bb and \u00ab\u00a0introspective\u00a0\u00bb work, which composes a beautiful triptych in this exhibition.<\/p>\n\n\n\n<hr class=\"wp-block-separator has-text-color has-black-color has-alpha-channel-opacity has-black-background-color has-background\"\/>\n\n\n\n<h2 class=\"wp-block-heading\">A NEW contemporary art space in the heart of Dijon.<\/h2>\n\n\n\n<p>By changing both the name and the address of their space, Fran\u00e7oise and Olivier Isselin definitively break away from the history of Galerie Gaston-G\u00e9rard, a Dijon institution that they took over at the end of 1999, which has now \u00ab\u00a0virtualized\u00a0\u00bb itself on the internet. Mother and son have left the private mansion on Rue du Petit-Potet, with its 17th-century lime-coated walls where they struggled to hang a nail, to settle near antique shops and designer furniture boutiques on Rue Auguste Comte.<\/p>\n\n\n\n<p>The art gallery faces the street, which is much livelier, behind two large glass windows: Olivier Isselin insisted on having direct interaction with the general public, who often feel bewildered by contemporary art. \u00ab\u00a0It is by repeatedly passing by and looking at artworks that one can understand them and, who knows, even feel compelled to acquire one.\u00a0\u00bb Setting themselves apart from other less accessible locations in Dijon, the gallery aims to present top-notch contemporary artists and participate in international exhibitions. This is evidenced by their first exhibition featuring John Batho, whose unique prints will later become part of the gallery&rsquo;s collection. As Olivier Isselin proudly states, \u00ab\u00a0They won&rsquo;t be found in Paris, Geneva, or New York, but in Dijon.\u00a0\u00bb<\/p>\n\n\n\n<hr class=\"wp-block-separator has-text-color has-black-color has-alpha-channel-opacity has-black-background-color has-background is-style-wide\"\/>\n\n\n\n<div class=\"wp-block-columns is-layout-flex wp-container-core-columns-is-layout-28f84493 wp-block-columns-is-layout-flex\">\n<div class=\"wp-block-column is-layout-flow wp-block-column-is-layout-flow\">\n<p><a href=\"https:\/\/olivierfelixisselin.com\/index.php\/en\/\">&lt;&lt;&lt; Homepage.<\/a><\/p>\n<\/div>\n\n\n\n<div class=\"wp-block-column is-layout-flow wp-block-column-is-layout-flow\">\n<div class=\"wp-block-columns is-layout-flex wp-container-core-columns-is-layout-28f84493 wp-block-columns-is-layout-flex\">\n<div class=\"wp-block-column is-layout-flow wp-block-column-is-layout-flow\">\n<figure class=\"wp-block-image size-full is-resized\"><a href=\"https:\/\/www.instagram.com\/felix.isselin\/\"><img loading=\"lazy\" decoding=\"async\" src=\"https:\/\/olivierfelixisselin.com\/wp-content\/uploads\/2023\/06\/insta-1.jpg\" alt=\"\" class=\"wp-image-547\" width=\"45\" height=\"45\" srcset=\"https:\/\/olivierfelixisselin.com\/wp-content\/uploads\/2023\/06\/insta-1.jpg 180w, https:\/\/olivierfelixisselin.com\/wp-content\/uploads\/2023\/06\/insta-1-150x150.jpg 150w\" sizes=\"auto, (max-width: 45px) 100vw, 45px\" \/><\/a><\/figure>\n<\/div>\n\n\n\n<div class=\"wp-block-column is-layout-flow wp-block-column-is-layout-flow\">\n<figure class=\"wp-block-image size-full is-resized\"><a href=\"https:\/\/www.facebook.com\/FelixIsselin\/\"><img loading=\"lazy\" decoding=\"async\" src=\"https:\/\/olivierfelixisselin.com\/wp-content\/uploads\/2023\/06\/logo-fcbk.jpg\" alt=\"\" class=\"wp-image-548\" width=\"45\" height=\"45\" srcset=\"https:\/\/olivierfelixisselin.com\/wp-content\/uploads\/2023\/06\/logo-fcbk.jpg 180w, https:\/\/olivierfelixisselin.com\/wp-content\/uploads\/2023\/06\/logo-fcbk-150x150.jpg 150w\" sizes=\"auto, (max-width: 45px) 100vw, 45px\" \/><\/a><\/figure>\n<\/div>\n\n\n\n<div class=\"wp-block-column is-layout-flow wp-block-column-is-layout-flow\">\n<figure class=\"wp-block-image size-full is-resized\"><a href=\"https:\/\/www.linkedin.com\/in\/olivier-felix-isselin-31915b84\/\"><img loading=\"lazy\" decoding=\"async\" src=\"https:\/\/olivierfelixisselin.com\/wp-content\/uploads\/2023\/06\/lkdn.jpg\" alt=\"\" class=\"wp-image-549\" width=\"45\" height=\"45\" srcset=\"https:\/\/olivierfelixisselin.com\/wp-content\/uploads\/2023\/06\/lkdn.jpg 180w, https:\/\/olivierfelixisselin.com\/wp-content\/uploads\/2023\/06\/lkdn-150x150.jpg 150w\" sizes=\"auto, (max-width: 45px) 100vw, 45px\" \/><\/a><\/figure>\n<\/div>\n<\/div>\n<\/div>\n\n\n\n<div class=\"wp-block-column is-layout-flow wp-block-column-is-layout-flow\">\n<div class=\"wp-block-columns is-layout-flex wp-container-core-columns-is-layout-28f84493 wp-block-columns-is-layout-flex\">\n<div class=\"wp-block-column is-layout-flow wp-block-column-is-layout-flow\"><\/div>\n\n\n\n<div class=\"wp-block-column is-layout-flow wp-block-column-is-layout-flow\">\n<figure class=\"wp-block-image size-full is-resized\"><a href=\"https:\/\/olivierfelixisselin.com\/index.php\/it\/2023\/07\/01\/la-luce-alla-fonte-della-fotografia\/\"><img loading=\"lazy\" decoding=\"async\" src=\"https:\/\/olivierfelixisselin.com\/wp-content\/uploads\/2023\/06\/flag-it.png\" alt=\"\" class=\"wp-image-1163\" width=\"38\" height=\"20\"\/><\/a><\/figure>\n<\/div>\n\n\n\n<div class=\"wp-block-column is-layout-flow wp-block-column-is-layout-flow\">\n<figure class=\"wp-block-image size-full is-resized\"><a href=\"https:\/\/olivierfelixisselin.com\/index.php\/2023\/06\/06\/la-lumiere-a-la-source-de-la-photographie\/\"><img loading=\"lazy\" decoding=\"async\" src=\"https:\/\/olivierfelixisselin.com\/wp-content\/uploads\/2023\/06\/france.png\" alt=\"\" class=\"wp-image-587\" width=\"38\" height=\"20\"\/><\/a><\/figure>\n<\/div>\n<\/div>\n<\/div>\n<\/div>\n","protected":false},"excerpt":{"rendered":"<p>+ A New Contemporary Art Space in the Heart of Dijon. Articles &#8211; by Lucie [&hellip;]<\/p>\n","protected":false},"author":1,"featured_media":0,"comment_status":"open","ping_status":"open","sticky":false,"template":"","format":"standard","meta":{"footnotes":""},"categories":[100,30],"tags":[],"class_list":["post-792","post","type-post","status-publish","format-standard","hentry","category-art-galeries","category-press"],"yoast_head":"<!-- This site is optimized with the Yoast SEO plugin v27.4 - https:\/\/yoast.com\/product\/yoast-seo-wordpress\/ -->\n<title>Light at the Source of Photography. - Olivier Felix Isselin<\/title>\n<meta name=\"description\" content=\"+ A New Contemporary Art Space in the Heart of Dijon. Articles - by Lucie Vuillerme - Le Bien Public - Quartier Libre - OFI archives.\" \/>\n<meta name=\"robots\" content=\"index, follow, max-snippet:-1, max-image-preview:large, max-video-preview:-1\" \/>\n<link rel=\"canonical\" href=\"https:\/\/olivierfelixisselin.com\/index.php\/en\/2023\/06\/11\/light-at-the-source-of-photography\/\" \/>\n<meta property=\"og:locale\" content=\"fr_FR\" \/>\n<meta property=\"og:type\" content=\"article\" \/>\n<meta property=\"og:title\" content=\"Light at the Source of Photography. - Olivier Felix Isselin\" \/>\n<meta property=\"og:description\" content=\"+ A New Contemporary Art Space in the Heart of Dijon. Articles - by Lucie Vuillerme - Le Bien Public - Quartier Libre - OFI archives.\" \/>\n<meta property=\"og:url\" content=\"https:\/\/olivierfelixisselin.com\/index.php\/en\/2023\/06\/11\/light-at-the-source-of-photography\/\" \/>\n<meta property=\"og:site_name\" content=\"Olivier Felix Isselin\" \/>\n<meta property=\"article:publisher\" content=\"https:\/\/www.facebook.com\/FelixIsselin\" \/>\n<meta property=\"article:author\" content=\"https:\/\/www.facebook.com\/FelixIsselin\/\" \/>\n<meta property=\"article:published_time\" content=\"2023-06-11T09:16:25+00:00\" \/>\n<meta property=\"article:modified_time\" content=\"2023-07-01T19:55:52+00:00\" \/>\n<meta property=\"og:image\" content=\"https:\/\/olivierfelixisselin.com\/wp-content\/uploads\/2023\/06\/article-ouverture-galerie-isselin-686x1024.jpeg\" \/>\n<meta name=\"author\" content=\"admin1037\" \/>\n<meta name=\"twitter:card\" content=\"summary_large_image\" \/>\n<meta name=\"twitter:creator\" content=\"@FelixISSELIN\" \/>\n<meta name=\"twitter:site\" content=\"@FelixISSELIN\" \/>\n<meta name=\"twitter:label1\" content=\"\u00c9crit par\" \/>\n\t<meta name=\"twitter:data1\" content=\"admin1037\" \/>\n\t<meta name=\"twitter:label2\" content=\"Dur\u00e9e de lecture estim\u00e9e\" \/>\n\t<meta name=\"twitter:data2\" content=\"5 minutes\" \/>\n<script type=\"application\/ld+json\" class=\"yoast-schema-graph\">{\"@context\":\"https:\\\/\\\/schema.org\",\"@graph\":[{\"@type\":\"Article\",\"@id\":\"https:\\\/\\\/olivierfelixisselin.com\\\/index.php\\\/en\\\/2023\\\/06\\\/11\\\/light-at-the-source-of-photography\\\/#article\",\"isPartOf\":{\"@id\":\"https:\\\/\\\/olivierfelixisselin.com\\\/index.php\\\/en\\\/2023\\\/06\\\/11\\\/light-at-the-source-of-photography\\\/\"},\"author\":{\"name\":\"admin1037\",\"@id\":\"https:\\\/\\\/olivierfelixisselin.com\\\/#\\\/schema\\\/person\\\/7722c1cf90d811c75e665a92b208ab0a\"},\"headline\":\"Light at the Source of Photography.\",\"datePublished\":\"2023-06-11T09:16:25+00:00\",\"dateModified\":\"2023-07-01T19:55:52+00:00\",\"mainEntityOfPage\":{\"@id\":\"https:\\\/\\\/olivierfelixisselin.com\\\/index.php\\\/en\\\/2023\\\/06\\\/11\\\/light-at-the-source-of-photography\\\/\"},\"wordCount\":683,\"commentCount\":0,\"publisher\":{\"@id\":\"https:\\\/\\\/olivierfelixisselin.com\\\/#organization\"},\"image\":{\"@id\":\"https:\\\/\\\/olivierfelixisselin.com\\\/index.php\\\/en\\\/2023\\\/06\\\/11\\\/light-at-the-source-of-photography\\\/#primaryimage\"},\"thumbnailUrl\":\"https:\\\/\\\/olivierfelixisselin.com\\\/wp-content\\\/uploads\\\/2023\\\/06\\\/article-ouverture-galerie-isselin-686x1024.jpeg\",\"articleSection\":[\"Art Galeries\",\"Press\"],\"inLanguage\":\"fr-FR\",\"potentialAction\":[{\"@type\":\"CommentAction\",\"name\":\"Comment\",\"target\":[\"https:\\\/\\\/olivierfelixisselin.com\\\/index.php\\\/en\\\/2023\\\/06\\\/11\\\/light-at-the-source-of-photography\\\/#respond\"]}]},{\"@type\":\"WebPage\",\"@id\":\"https:\\\/\\\/olivierfelixisselin.com\\\/index.php\\\/en\\\/2023\\\/06\\\/11\\\/light-at-the-source-of-photography\\\/\",\"url\":\"https:\\\/\\\/olivierfelixisselin.com\\\/index.php\\\/en\\\/2023\\\/06\\\/11\\\/light-at-the-source-of-photography\\\/\",\"name\":\"Light at the Source of Photography. - Olivier Felix Isselin\",\"isPartOf\":{\"@id\":\"https:\\\/\\\/olivierfelixisselin.com\\\/#website\"},\"primaryImageOfPage\":{\"@id\":\"https:\\\/\\\/olivierfelixisselin.com\\\/index.php\\\/en\\\/2023\\\/06\\\/11\\\/light-at-the-source-of-photography\\\/#primaryimage\"},\"image\":{\"@id\":\"https:\\\/\\\/olivierfelixisselin.com\\\/index.php\\\/en\\\/2023\\\/06\\\/11\\\/light-at-the-source-of-photography\\\/#primaryimage\"},\"thumbnailUrl\":\"https:\\\/\\\/olivierfelixisselin.com\\\/wp-content\\\/uploads\\\/2023\\\/06\\\/article-ouverture-galerie-isselin-686x1024.jpeg\",\"datePublished\":\"2023-06-11T09:16:25+00:00\",\"dateModified\":\"2023-07-01T19:55:52+00:00\",\"description\":\"+ A New Contemporary Art Space in the Heart of Dijon. Articles - by Lucie Vuillerme - Le Bien Public - Quartier Libre - OFI archives.\",\"breadcrumb\":{\"@id\":\"https:\\\/\\\/olivierfelixisselin.com\\\/index.php\\\/en\\\/2023\\\/06\\\/11\\\/light-at-the-source-of-photography\\\/#breadcrumb\"},\"inLanguage\":\"fr-FR\",\"potentialAction\":[{\"@type\":\"ReadAction\",\"target\":[\"https:\\\/\\\/olivierfelixisselin.com\\\/index.php\\\/en\\\/2023\\\/06\\\/11\\\/light-at-the-source-of-photography\\\/\"]}]},{\"@type\":\"ImageObject\",\"inLanguage\":\"fr-FR\",\"@id\":\"https:\\\/\\\/olivierfelixisselin.com\\\/index.php\\\/en\\\/2023\\\/06\\\/11\\\/light-at-the-source-of-photography\\\/#primaryimage\",\"url\":\"https:\\\/\\\/olivierfelixisselin.com\\\/wp-content\\\/uploads\\\/2023\\\/06\\\/article-ouverture-galerie-isselin-686x1024.jpeg\",\"contentUrl\":\"https:\\\/\\\/olivierfelixisselin.com\\\/wp-content\\\/uploads\\\/2023\\\/06\\\/article-ouverture-galerie-isselin-686x1024.jpeg\"},{\"@type\":\"BreadcrumbList\",\"@id\":\"https:\\\/\\\/olivierfelixisselin.com\\\/index.php\\\/en\\\/2023\\\/06\\\/11\\\/light-at-the-source-of-photography\\\/#breadcrumb\",\"itemListElement\":[{\"@type\":\"ListItem\",\"position\":1,\"name\":\"Accueil\",\"item\":\"https:\\\/\\\/olivierfelixisselin.com\\\/\"},{\"@type\":\"ListItem\",\"position\":2,\"name\":\"Light at the Source of Photography.\"}]},{\"@type\":\"WebSite\",\"@id\":\"https:\\\/\\\/olivierfelixisselin.com\\\/#website\",\"url\":\"https:\\\/\\\/olivierfelixisselin.com\\\/\",\"name\":\"Olivier Felix Isselin\",\"description\":\"- - -\",\"publisher\":{\"@id\":\"https:\\\/\\\/olivierfelixisselin.com\\\/#organization\"},\"alternateName\":\"OFI\",\"potentialAction\":[{\"@type\":\"SearchAction\",\"target\":{\"@type\":\"EntryPoint\",\"urlTemplate\":\"https:\\\/\\\/olivierfelixisselin.com\\\/?s={search_term_string}\"},\"query-input\":{\"@type\":\"PropertyValueSpecification\",\"valueRequired\":true,\"valueName\":\"search_term_string\"}}],\"inLanguage\":\"fr-FR\"},{\"@type\":\"Organization\",\"@id\":\"https:\\\/\\\/olivierfelixisselin.com\\\/#organization\",\"name\":\"Olivier Felix Isselin\",\"alternateName\":\"OFI\",\"url\":\"https:\\\/\\\/olivierfelixisselin.com\\\/\",\"logo\":{\"@type\":\"ImageObject\",\"inLanguage\":\"fr-FR\",\"@id\":\"https:\\\/\\\/olivierfelixisselin.com\\\/#\\\/schema\\\/logo\\\/image\\\/\",\"url\":\"https:\\\/\\\/olivierfelixisselin.com\\\/wp-content\\\/uploads\\\/2023\\\/05\\\/cropped-cropped-logo-fourmiliere-ikb.png\",\"contentUrl\":\"https:\\\/\\\/olivierfelixisselin.com\\\/wp-content\\\/uploads\\\/2023\\\/05\\\/cropped-cropped-logo-fourmiliere-ikb.png\",\"width\":512,\"height\":512,\"caption\":\"Olivier Felix Isselin\"},\"image\":{\"@id\":\"https:\\\/\\\/olivierfelixisselin.com\\\/#\\\/schema\\\/logo\\\/image\\\/\"},\"sameAs\":[\"https:\\\/\\\/www.facebook.com\\\/FelixIsselin\",\"https:\\\/\\\/x.com\\\/FelixISSELIN\",\"https:\\\/\\\/www.instagram.com\\\/felix.isselin\\\/\",\"https:\\\/\\\/www.linkedin.com\\\/in\\\/olivier-felix-isselin-31915b84\\\/\"]},{\"@type\":\"Person\",\"@id\":\"https:\\\/\\\/olivierfelixisselin.com\\\/#\\\/schema\\\/person\\\/7722c1cf90d811c75e665a92b208ab0a\",\"name\":\"admin1037\",\"image\":{\"@type\":\"ImageObject\",\"inLanguage\":\"fr-FR\",\"@id\":\"https:\\\/\\\/secure.gravatar.com\\\/avatar\\\/b2b592ff1e7ac9296f7d27f28579b35a568e15c7a7e79a5f45cdef82ead38e2c?s=96&d=robohash&r=g\",\"url\":\"https:\\\/\\\/secure.gravatar.com\\\/avatar\\\/b2b592ff1e7ac9296f7d27f28579b35a568e15c7a7e79a5f45cdef82ead38e2c?s=96&d=robohash&r=g\",\"contentUrl\":\"https:\\\/\\\/secure.gravatar.com\\\/avatar\\\/b2b592ff1e7ac9296f7d27f28579b35a568e15c7a7e79a5f45cdef82ead38e2c?s=96&d=robohash&r=g\",\"caption\":\"admin1037\"},\"sameAs\":[\"http:\\\/\\\/olivierfelixisselin.com\",\"https:\\\/\\\/www.facebook.com\\\/FelixIsselin\\\/\",\"https:\\\/\\\/www.instagram.com\\\/felix.isselin\\\/\",\"https:\\\/\\\/www.linkedin.com\\\/in\\\/olivier-felix-isselin-31915b84\\\/\"],\"url\":\"https:\\\/\\\/olivierfelixisselin.com\\\/index.php\\\/author\\\/admin1037\\\/\"}]}<\/script>\n<!-- \/ Yoast SEO plugin. -->","yoast_head_json":{"title":"Light at the Source of Photography. - Olivier Felix Isselin","description":"+ A New Contemporary Art Space in the Heart of Dijon. Articles - by Lucie Vuillerme - Le Bien Public - Quartier Libre - OFI archives.","robots":{"index":"index","follow":"follow","max-snippet":"max-snippet:-1","max-image-preview":"max-image-preview:large","max-video-preview":"max-video-preview:-1"},"canonical":"https:\/\/olivierfelixisselin.com\/index.php\/en\/2023\/06\/11\/light-at-the-source-of-photography\/","og_locale":"fr_FR","og_type":"article","og_title":"Light at the Source of Photography. - Olivier Felix Isselin","og_description":"+ A New Contemporary Art Space in the Heart of Dijon. Articles - by Lucie Vuillerme - Le Bien Public - Quartier Libre - OFI archives.","og_url":"https:\/\/olivierfelixisselin.com\/index.php\/en\/2023\/06\/11\/light-at-the-source-of-photography\/","og_site_name":"Olivier Felix Isselin","article_publisher":"https:\/\/www.facebook.com\/FelixIsselin","article_author":"https:\/\/www.facebook.com\/FelixIsselin\/","article_published_time":"2023-06-11T09:16:25+00:00","article_modified_time":"2023-07-01T19:55:52+00:00","og_image":[{"url":"https:\/\/olivierfelixisselin.com\/wp-content\/uploads\/2023\/06\/article-ouverture-galerie-isselin-686x1024.jpeg","type":"","width":"","height":""}],"author":"admin1037","twitter_card":"summary_large_image","twitter_creator":"@FelixISSELIN","twitter_site":"@FelixISSELIN","twitter_misc":{"\u00c9crit par":"admin1037","Dur\u00e9e de lecture estim\u00e9e":"5 minutes"},"schema":{"@context":"https:\/\/schema.org","@graph":[{"@type":"Article","@id":"https:\/\/olivierfelixisselin.com\/index.php\/en\/2023\/06\/11\/light-at-the-source-of-photography\/#article","isPartOf":{"@id":"https:\/\/olivierfelixisselin.com\/index.php\/en\/2023\/06\/11\/light-at-the-source-of-photography\/"},"author":{"name":"admin1037","@id":"https:\/\/olivierfelixisselin.com\/#\/schema\/person\/7722c1cf90d811c75e665a92b208ab0a"},"headline":"Light at the Source of Photography.","datePublished":"2023-06-11T09:16:25+00:00","dateModified":"2023-07-01T19:55:52+00:00","mainEntityOfPage":{"@id":"https:\/\/olivierfelixisselin.com\/index.php\/en\/2023\/06\/11\/light-at-the-source-of-photography\/"},"wordCount":683,"commentCount":0,"publisher":{"@id":"https:\/\/olivierfelixisselin.com\/#organization"},"image":{"@id":"https:\/\/olivierfelixisselin.com\/index.php\/en\/2023\/06\/11\/light-at-the-source-of-photography\/#primaryimage"},"thumbnailUrl":"https:\/\/olivierfelixisselin.com\/wp-content\/uploads\/2023\/06\/article-ouverture-galerie-isselin-686x1024.jpeg","articleSection":["Art Galeries","Press"],"inLanguage":"fr-FR","potentialAction":[{"@type":"CommentAction","name":"Comment","target":["https:\/\/olivierfelixisselin.com\/index.php\/en\/2023\/06\/11\/light-at-the-source-of-photography\/#respond"]}]},{"@type":"WebPage","@id":"https:\/\/olivierfelixisselin.com\/index.php\/en\/2023\/06\/11\/light-at-the-source-of-photography\/","url":"https:\/\/olivierfelixisselin.com\/index.php\/en\/2023\/06\/11\/light-at-the-source-of-photography\/","name":"Light at the Source of Photography. - Olivier Felix Isselin","isPartOf":{"@id":"https:\/\/olivierfelixisselin.com\/#website"},"primaryImageOfPage":{"@id":"https:\/\/olivierfelixisselin.com\/index.php\/en\/2023\/06\/11\/light-at-the-source-of-photography\/#primaryimage"},"image":{"@id":"https:\/\/olivierfelixisselin.com\/index.php\/en\/2023\/06\/11\/light-at-the-source-of-photography\/#primaryimage"},"thumbnailUrl":"https:\/\/olivierfelixisselin.com\/wp-content\/uploads\/2023\/06\/article-ouverture-galerie-isselin-686x1024.jpeg","datePublished":"2023-06-11T09:16:25+00:00","dateModified":"2023-07-01T19:55:52+00:00","description":"+ A New Contemporary Art Space in the Heart of Dijon. Articles - by Lucie Vuillerme - Le Bien Public - Quartier Libre - OFI archives.","breadcrumb":{"@id":"https:\/\/olivierfelixisselin.com\/index.php\/en\/2023\/06\/11\/light-at-the-source-of-photography\/#breadcrumb"},"inLanguage":"fr-FR","potentialAction":[{"@type":"ReadAction","target":["https:\/\/olivierfelixisselin.com\/index.php\/en\/2023\/06\/11\/light-at-the-source-of-photography\/"]}]},{"@type":"ImageObject","inLanguage":"fr-FR","@id":"https:\/\/olivierfelixisselin.com\/index.php\/en\/2023\/06\/11\/light-at-the-source-of-photography\/#primaryimage","url":"https:\/\/olivierfelixisselin.com\/wp-content\/uploads\/2023\/06\/article-ouverture-galerie-isselin-686x1024.jpeg","contentUrl":"https:\/\/olivierfelixisselin.com\/wp-content\/uploads\/2023\/06\/article-ouverture-galerie-isselin-686x1024.jpeg"},{"@type":"BreadcrumbList","@id":"https:\/\/olivierfelixisselin.com\/index.php\/en\/2023\/06\/11\/light-at-the-source-of-photography\/#breadcrumb","itemListElement":[{"@type":"ListItem","position":1,"name":"Accueil","item":"https:\/\/olivierfelixisselin.com\/"},{"@type":"ListItem","position":2,"name":"Light at the Source of Photography."}]},{"@type":"WebSite","@id":"https:\/\/olivierfelixisselin.com\/#website","url":"https:\/\/olivierfelixisselin.com\/","name":"Olivier Felix Isselin","description":"- - -","publisher":{"@id":"https:\/\/olivierfelixisselin.com\/#organization"},"alternateName":"OFI","potentialAction":[{"@type":"SearchAction","target":{"@type":"EntryPoint","urlTemplate":"https:\/\/olivierfelixisselin.com\/?s={search_term_string}"},"query-input":{"@type":"PropertyValueSpecification","valueRequired":true,"valueName":"search_term_string"}}],"inLanguage":"fr-FR"},{"@type":"Organization","@id":"https:\/\/olivierfelixisselin.com\/#organization","name":"Olivier Felix Isselin","alternateName":"OFI","url":"https:\/\/olivierfelixisselin.com\/","logo":{"@type":"ImageObject","inLanguage":"fr-FR","@id":"https:\/\/olivierfelixisselin.com\/#\/schema\/logo\/image\/","url":"https:\/\/olivierfelixisselin.com\/wp-content\/uploads\/2023\/05\/cropped-cropped-logo-fourmiliere-ikb.png","contentUrl":"https:\/\/olivierfelixisselin.com\/wp-content\/uploads\/2023\/05\/cropped-cropped-logo-fourmiliere-ikb.png","width":512,"height":512,"caption":"Olivier Felix Isselin"},"image":{"@id":"https:\/\/olivierfelixisselin.com\/#\/schema\/logo\/image\/"},"sameAs":["https:\/\/www.facebook.com\/FelixIsselin","https:\/\/x.com\/FelixISSELIN","https:\/\/www.instagram.com\/felix.isselin\/","https:\/\/www.linkedin.com\/in\/olivier-felix-isselin-31915b84\/"]},{"@type":"Person","@id":"https:\/\/olivierfelixisselin.com\/#\/schema\/person\/7722c1cf90d811c75e665a92b208ab0a","name":"admin1037","image":{"@type":"ImageObject","inLanguage":"fr-FR","@id":"https:\/\/secure.gravatar.com\/avatar\/b2b592ff1e7ac9296f7d27f28579b35a568e15c7a7e79a5f45cdef82ead38e2c?s=96&d=robohash&r=g","url":"https:\/\/secure.gravatar.com\/avatar\/b2b592ff1e7ac9296f7d27f28579b35a568e15c7a7e79a5f45cdef82ead38e2c?s=96&d=robohash&r=g","contentUrl":"https:\/\/secure.gravatar.com\/avatar\/b2b592ff1e7ac9296f7d27f28579b35a568e15c7a7e79a5f45cdef82ead38e2c?s=96&d=robohash&r=g","caption":"admin1037"},"sameAs":["http:\/\/olivierfelixisselin.com","https:\/\/www.facebook.com\/FelixIsselin\/","https:\/\/www.instagram.com\/felix.isselin\/","https:\/\/www.linkedin.com\/in\/olivier-felix-isselin-31915b84\/"],"url":"https:\/\/olivierfelixisselin.com\/index.php\/author\/admin1037\/"}]}},"_links":{"self":[{"href":"https:\/\/olivierfelixisselin.com\/index.php\/wp-json\/wp\/v2\/posts\/792","targetHints":{"allow":["GET"]}}],"collection":[{"href":"https:\/\/olivierfelixisselin.com\/index.php\/wp-json\/wp\/v2\/posts"}],"about":[{"href":"https:\/\/olivierfelixisselin.com\/index.php\/wp-json\/wp\/v2\/types\/post"}],"author":[{"embeddable":true,"href":"https:\/\/olivierfelixisselin.com\/index.php\/wp-json\/wp\/v2\/users\/1"}],"replies":[{"embeddable":true,"href":"https:\/\/olivierfelixisselin.com\/index.php\/wp-json\/wp\/v2\/comments?post=792"}],"version-history":[{"count":4,"href":"https:\/\/olivierfelixisselin.com\/index.php\/wp-json\/wp\/v2\/posts\/792\/revisions"}],"predecessor-version":[{"id":1420,"href":"https:\/\/olivierfelixisselin.com\/index.php\/wp-json\/wp\/v2\/posts\/792\/revisions\/1420"}],"wp:attachment":[{"href":"https:\/\/olivierfelixisselin.com\/index.php\/wp-json\/wp\/v2\/media?parent=792"}],"wp:term":[{"taxonomy":"category","embeddable":true,"href":"https:\/\/olivierfelixisselin.com\/index.php\/wp-json\/wp\/v2\/categories?post=792"},{"taxonomy":"post_tag","embeddable":true,"href":"https:\/\/olivierfelixisselin.com\/index.php\/wp-json\/wp\/v2\/tags?post=792"}],"curies":[{"name":"wp","href":"https:\/\/api.w.org\/{rel}","templated":true}]}}