{"id":768,"date":"2023-06-11T07:33:54","date_gmt":"2023-06-11T05:33:54","guid":{"rendered":"https:\/\/olivierfelixisselin.com\/?p=768"},"modified":"2024-01-07T14:29:28","modified_gmt":"2024-01-07T13:29:28","slug":"olivier-isselin-the-art-of-audacity","status":"publish","type":"post","link":"https:\/\/olivierfelixisselin.com\/index.php\/en\/2023\/06\/11\/olivier-isselin-the-art-of-audacity\/","title":{"rendered":"Olivier Isselin \u2013 the art of audacity."},"content":{"rendered":"\n<p>Article \u2013 Le Bien Public \u2013 supplement C\u00f4te-d\u2019Oriens in the spotlight \u2013 January 22, 2006.<\/p>\n\n\n\n<div class=\"wp-block-columns is-layout-flex wp-container-core-columns-is-layout-28f84493 wp-block-columns-is-layout-flex\">\n<div class=\"wp-block-column is-layout-flow wp-block-column-is-layout-flow\">\n<figure class=\"wp-block-image size-large\"><img loading=\"lazy\" decoding=\"async\" width=\"618\" height=\"1024\" src=\"https:\/\/olivierfelixisselin.com\/wp-content\/uploads\/2023\/05\/cotedoriens-en-lumiere-618x1024.jpg\" alt=\"Highlighting C\u00f4te d'Orians: Notable Individuals from C\u00f4te d'Or\" class=\"wp-image-653\" srcset=\"https:\/\/olivierfelixisselin.com\/wp-content\/uploads\/2023\/05\/cotedoriens-en-lumiere-618x1024.jpg 618w, https:\/\/olivierfelixisselin.com\/wp-content\/uploads\/2023\/05\/cotedoriens-en-lumiere-181x300.jpg 181w, https:\/\/olivierfelixisselin.com\/wp-content\/uploads\/2023\/05\/cotedoriens-en-lumiere-768x1272.jpg 768w, https:\/\/olivierfelixisselin.com\/wp-content\/uploads\/2023\/05\/cotedoriens-en-lumiere-927x1536.jpg 927w, https:\/\/olivierfelixisselin.com\/wp-content\/uploads\/2023\/05\/cotedoriens-en-lumiere.jpg 1177w\" sizes=\"auto, (max-width: 618px) 100vw, 618px\" \/><\/figure>\n<\/div>\n\n\n\n<div class=\"wp-block-column is-vertically-aligned-top is-layout-flow wp-block-column-is-layout-flow\">\n<p>He speaks quickly, and it&rsquo;s sometimes difficult to keep up with him. Ideas burst forth, bold and tangible. The young Olivier Isselin, 31 years old, already has many adventures to his name, especially in event organization in Paris, focusing on electronic music. But it&rsquo;s in Dijon, with his mother, that he began taking over the Gaston-G\u00e9rard gallery before opening a space of his own on Auguste-Comte Street. For its inauguration last March, Olivier managed to bring John Batho, the famous photographer living in the city, who presented stunning works on condensation. Recently, it was Vincent Verdeguer with a moving series on Spain. One thinks, here it is, a gallery that is finding its place. Undoubtedly. But Olivier is not done making us run&#8230;<\/p>\n<\/div>\n<\/div>\n\n\n\n<hr class=\"wp-block-separator has-text-color has-black-color has-alpha-channel-opacity has-black-background-color has-background is-style-wide\"\/>\n\n\n\n<div class=\"wp-block-columns is-layout-flex wp-container-core-columns-is-layout-28f84493 wp-block-columns-is-layout-flex\">\n<div class=\"wp-block-column is-layout-flow wp-block-column-is-layout-flow\">\n<p><a href=\"https:\/\/olivierfelixisselin.com\/index.php\/en\/\">&lt;&lt;&lt; Homepage.<\/a><\/p>\n<\/div>\n\n\n\n<div class=\"wp-block-column is-layout-flow wp-block-column-is-layout-flow\">\n<div class=\"wp-block-columns is-layout-flex wp-container-core-columns-is-layout-28f84493 wp-block-columns-is-layout-flex\">\n<div class=\"wp-block-column is-layout-flow wp-block-column-is-layout-flow\">\n<figure class=\"wp-block-image size-full is-resized\"><a href=\"https:\/\/www.instagram.com\/felix.isselin\/\"><img loading=\"lazy\" decoding=\"async\" width=\"180\" height=\"180\" src=\"https:\/\/olivierfelixisselin.com\/wp-content\/uploads\/2023\/06\/insta-1.jpg\" alt=\"\" class=\"wp-image-547\" style=\"width:45px;height:45px\" srcset=\"https:\/\/olivierfelixisselin.com\/wp-content\/uploads\/2023\/06\/insta-1.jpg 180w, https:\/\/olivierfelixisselin.com\/wp-content\/uploads\/2023\/06\/insta-1-150x150.jpg 150w\" sizes=\"auto, (max-width: 180px) 100vw, 180px\" \/><\/a><\/figure>\n<\/div>\n\n\n\n<div class=\"wp-block-column is-layout-flow wp-block-column-is-layout-flow\">\n<figure class=\"wp-block-image size-full is-resized\"><a href=\"https:\/\/www.facebook.com\/FelixIsselin\/\"><img loading=\"lazy\" decoding=\"async\" width=\"180\" height=\"180\" src=\"https:\/\/olivierfelixisselin.com\/wp-content\/uploads\/2023\/06\/logo-fcbk.jpg\" alt=\"\" class=\"wp-image-548\" style=\"width:45px;height:45px\" srcset=\"https:\/\/olivierfelixisselin.com\/wp-content\/uploads\/2023\/06\/logo-fcbk.jpg 180w, https:\/\/olivierfelixisselin.com\/wp-content\/uploads\/2023\/06\/logo-fcbk-150x150.jpg 150w\" sizes=\"auto, (max-width: 180px) 100vw, 180px\" \/><\/a><\/figure>\n<\/div>\n\n\n\n<div class=\"wp-block-column is-layout-flow wp-block-column-is-layout-flow\">\n<figure class=\"wp-block-image size-full is-resized\"><a href=\"https:\/\/www.linkedin.com\/in\/olivier-felix-isselin-31915b84\/\"><img loading=\"lazy\" decoding=\"async\" width=\"180\" height=\"180\" src=\"https:\/\/olivierfelixisselin.com\/wp-content\/uploads\/2023\/06\/lkdn.jpg\" alt=\"\" class=\"wp-image-549\" style=\"width:45px;height:45px\" srcset=\"https:\/\/olivierfelixisselin.com\/wp-content\/uploads\/2023\/06\/lkdn.jpg 180w, https:\/\/olivierfelixisselin.com\/wp-content\/uploads\/2023\/06\/lkdn-150x150.jpg 150w\" sizes=\"auto, (max-width: 180px) 100vw, 180px\" \/><\/a><\/figure>\n<\/div>\n<\/div>\n<\/div>\n\n\n\n<div class=\"wp-block-column is-layout-flow wp-block-column-is-layout-flow\">\n<div class=\"wp-block-columns is-layout-flex wp-container-core-columns-is-layout-28f84493 wp-block-columns-is-layout-flex\">\n<div class=\"wp-block-column is-layout-flow wp-block-column-is-layout-flow\"><\/div>\n\n\n\n<div class=\"wp-block-column is-layout-flow wp-block-column-is-layout-flow\">\n<figure class=\"wp-block-image size-full is-resized\"><a href=\"https:\/\/olivierfelixisselin.com\/index.php\/it\/2023\/07\/01\/olivier-isselin-larte-dellaudacia\/\"><img loading=\"lazy\" decoding=\"async\" width=\"50\" height=\"26\" src=\"https:\/\/olivierfelixisselin.com\/wp-content\/uploads\/2023\/06\/flag-it.png\" alt=\"\" class=\"wp-image-1163\" style=\"width:38px;height:20px\"\/><\/a><\/figure>\n<\/div>\n\n\n\n<div class=\"wp-block-column is-layout-flow wp-block-column-is-layout-flow\">\n<figure class=\"wp-block-image size-full is-resized\"><a href=\"https:\/\/olivierfelixisselin.com\/index.php\/2023\/05\/22\/olivier-isselin-l-art-de-l-audace\/\"><img loading=\"lazy\" decoding=\"async\" width=\"50\" height=\"26\" src=\"https:\/\/olivierfelixisselin.com\/wp-content\/uploads\/2023\/06\/france.png\" alt=\"\" class=\"wp-image-587\" style=\"width:38px;height:20px\"\/><\/a><\/figure>\n<\/div>\n<\/div>\n<\/div>\n<\/div>\n","protected":false},"excerpt":{"rendered":"<p>Article \u2013 Le Bien Public \u2013 supplement C\u00f4te-d\u2019Oriens in the spotlight \u2013 January 22, 2006. [&hellip;]<\/p>\n","protected":false},"author":1,"featured_media":0,"comment_status":"open","ping_status":"open","sticky":false,"template":"","format":"standard","meta":{"footnotes":""},"categories":[30],"tags":[],"class_list":["post-768","post","type-post","status-publish","format-standard","hentry","category-press"],"yoast_head":"<!-- This site is optimized with the Yoast SEO plugin v27.4 - https:\/\/yoast.com\/product\/yoast-seo-wordpress\/ -->\n<title>Olivier Isselin \u2013 the art of audacity. - Olivier Felix Isselin<\/title>\n<meta name=\"description\" content=\"Archives OFI - Les C\u00f4te-d&#039;Oriens en Lumi\u00e8re - Suppl\u00e9ment Le Bien Public - Portrait.\" \/>\n<meta name=\"robots\" content=\"index, follow, max-snippet:-1, max-image-preview:large, max-video-preview:-1\" \/>\n<link rel=\"canonical\" href=\"https:\/\/olivierfelixisselin.com\/index.php\/en\/2023\/06\/11\/olivier-isselin-the-art-of-audacity\/\" \/>\n<meta property=\"og:locale\" content=\"fr_FR\" \/>\n<meta property=\"og:type\" content=\"article\" \/>\n<meta property=\"og:title\" content=\"Olivier Isselin \u2013 the art of audacity. - Olivier Felix Isselin\" \/>\n<meta property=\"og:description\" content=\"Archives OFI - Les C\u00f4te-d&#039;Oriens en Lumi\u00e8re - Suppl\u00e9ment Le Bien Public - Portrait.\" \/>\n<meta property=\"og:url\" content=\"https:\/\/olivierfelixisselin.com\/index.php\/en\/2023\/06\/11\/olivier-isselin-the-art-of-audacity\/\" \/>\n<meta property=\"og:site_name\" content=\"Olivier Felix Isselin\" \/>\n<meta property=\"article:publisher\" content=\"https:\/\/www.facebook.com\/FelixIsselin\" \/>\n<meta property=\"article:author\" content=\"https:\/\/www.facebook.com\/FelixIsselin\/\" \/>\n<meta property=\"article:published_time\" content=\"2023-06-11T05:33:54+00:00\" \/>\n<meta property=\"article:modified_time\" content=\"2024-01-07T13:29:28+00:00\" \/>\n<meta property=\"og:image\" content=\"https:\/\/olivierfelixisselin.com\/wp-content\/uploads\/2023\/05\/cotedoriens-en-lumiere-618x1024.jpg\" \/>\n<meta name=\"author\" content=\"admin1037\" \/>\n<meta name=\"twitter:card\" content=\"summary_large_image\" \/>\n<meta name=\"twitter:creator\" content=\"@FelixISSELIN\" \/>\n<meta name=\"twitter:site\" content=\"@FelixISSELIN\" \/>\n<meta name=\"twitter:label1\" content=\"\u00c9crit par\" \/>\n\t<meta name=\"twitter:data1\" content=\"admin1037\" \/>\n\t<meta name=\"twitter:label2\" content=\"Dur\u00e9e de lecture estim\u00e9e\" \/>\n\t<meta name=\"twitter:data2\" content=\"2 minutes\" \/>\n<script type=\"application\/ld+json\" class=\"yoast-schema-graph\">{\"@context\":\"https:\\\/\\\/schema.org\",\"@graph\":[{\"@type\":\"Article\",\"@id\":\"https:\\\/\\\/olivierfelixisselin.com\\\/index.php\\\/en\\\/2023\\\/06\\\/11\\\/olivier-isselin-the-art-of-audacity\\\/#article\",\"isPartOf\":{\"@id\":\"https:\\\/\\\/olivierfelixisselin.com\\\/index.php\\\/en\\\/2023\\\/06\\\/11\\\/olivier-isselin-the-art-of-audacity\\\/\"},\"author\":{\"name\":\"admin1037\",\"@id\":\"https:\\\/\\\/olivierfelixisselin.com\\\/#\\\/schema\\\/person\\\/7722c1cf90d811c75e665a92b208ab0a\"},\"headline\":\"Olivier Isselin \u2013 the art of audacity.\",\"datePublished\":\"2023-06-11T05:33:54+00:00\",\"dateModified\":\"2024-01-07T13:29:28+00:00\",\"mainEntityOfPage\":{\"@id\":\"https:\\\/\\\/olivierfelixisselin.com\\\/index.php\\\/en\\\/2023\\\/06\\\/11\\\/olivier-isselin-the-art-of-audacity\\\/\"},\"wordCount\":147,\"commentCount\":0,\"publisher\":{\"@id\":\"https:\\\/\\\/olivierfelixisselin.com\\\/#organization\"},\"image\":{\"@id\":\"https:\\\/\\\/olivierfelixisselin.com\\\/index.php\\\/en\\\/2023\\\/06\\\/11\\\/olivier-isselin-the-art-of-audacity\\\/#primaryimage\"},\"thumbnailUrl\":\"https:\\\/\\\/olivierfelixisselin.com\\\/wp-content\\\/uploads\\\/2023\\\/05\\\/cotedoriens-en-lumiere-618x1024.jpg\",\"articleSection\":[\"Press\"],\"inLanguage\":\"fr-FR\",\"potentialAction\":[{\"@type\":\"CommentAction\",\"name\":\"Comment\",\"target\":[\"https:\\\/\\\/olivierfelixisselin.com\\\/index.php\\\/en\\\/2023\\\/06\\\/11\\\/olivier-isselin-the-art-of-audacity\\\/#respond\"]}]},{\"@type\":\"WebPage\",\"@id\":\"https:\\\/\\\/olivierfelixisselin.com\\\/index.php\\\/en\\\/2023\\\/06\\\/11\\\/olivier-isselin-the-art-of-audacity\\\/\",\"url\":\"https:\\\/\\\/olivierfelixisselin.com\\\/index.php\\\/en\\\/2023\\\/06\\\/11\\\/olivier-isselin-the-art-of-audacity\\\/\",\"name\":\"Olivier Isselin \u2013 the art of audacity. - Olivier Felix Isselin\",\"isPartOf\":{\"@id\":\"https:\\\/\\\/olivierfelixisselin.com\\\/#website\"},\"primaryImageOfPage\":{\"@id\":\"https:\\\/\\\/olivierfelixisselin.com\\\/index.php\\\/en\\\/2023\\\/06\\\/11\\\/olivier-isselin-the-art-of-audacity\\\/#primaryimage\"},\"image\":{\"@id\":\"https:\\\/\\\/olivierfelixisselin.com\\\/index.php\\\/en\\\/2023\\\/06\\\/11\\\/olivier-isselin-the-art-of-audacity\\\/#primaryimage\"},\"thumbnailUrl\":\"https:\\\/\\\/olivierfelixisselin.com\\\/wp-content\\\/uploads\\\/2023\\\/05\\\/cotedoriens-en-lumiere-618x1024.jpg\",\"datePublished\":\"2023-06-11T05:33:54+00:00\",\"dateModified\":\"2024-01-07T13:29:28+00:00\",\"description\":\"Archives OFI - Les C\u00f4te-d'Oriens en Lumi\u00e8re - Suppl\u00e9ment Le Bien Public - Portrait.\",\"breadcrumb\":{\"@id\":\"https:\\\/\\\/olivierfelixisselin.com\\\/index.php\\\/en\\\/2023\\\/06\\\/11\\\/olivier-isselin-the-art-of-audacity\\\/#breadcrumb\"},\"inLanguage\":\"fr-FR\",\"potentialAction\":[{\"@type\":\"ReadAction\",\"target\":[\"https:\\\/\\\/olivierfelixisselin.com\\\/index.php\\\/en\\\/2023\\\/06\\\/11\\\/olivier-isselin-the-art-of-audacity\\\/\"]}]},{\"@type\":\"ImageObject\",\"inLanguage\":\"fr-FR\",\"@id\":\"https:\\\/\\\/olivierfelixisselin.com\\\/index.php\\\/en\\\/2023\\\/06\\\/11\\\/olivier-isselin-the-art-of-audacity\\\/#primaryimage\",\"url\":\"https:\\\/\\\/olivierfelixisselin.com\\\/wp-content\\\/uploads\\\/2023\\\/05\\\/cotedoriens-en-lumiere.jpg\",\"contentUrl\":\"https:\\\/\\\/olivierfelixisselin.com\\\/wp-content\\\/uploads\\\/2023\\\/05\\\/cotedoriens-en-lumiere.jpg\",\"width\":1177,\"height\":1950,\"caption\":\"article presse portrait Olivier Felix Isselin\"},{\"@type\":\"BreadcrumbList\",\"@id\":\"https:\\\/\\\/olivierfelixisselin.com\\\/index.php\\\/en\\\/2023\\\/06\\\/11\\\/olivier-isselin-the-art-of-audacity\\\/#breadcrumb\",\"itemListElement\":[{\"@type\":\"ListItem\",\"position\":1,\"name\":\"Accueil\",\"item\":\"https:\\\/\\\/olivierfelixisselin.com\\\/\"},{\"@type\":\"ListItem\",\"position\":2,\"name\":\"Olivier Isselin \u2013 the art of audacity.\"}]},{\"@type\":\"WebSite\",\"@id\":\"https:\\\/\\\/olivierfelixisselin.com\\\/#website\",\"url\":\"https:\\\/\\\/olivierfelixisselin.com\\\/\",\"name\":\"Olivier Felix Isselin\",\"description\":\"- - -\",\"publisher\":{\"@id\":\"https:\\\/\\\/olivierfelixisselin.com\\\/#organization\"},\"alternateName\":\"OFI\",\"potentialAction\":[{\"@type\":\"SearchAction\",\"target\":{\"@type\":\"EntryPoint\",\"urlTemplate\":\"https:\\\/\\\/olivierfelixisselin.com\\\/?s={search_term_string}\"},\"query-input\":{\"@type\":\"PropertyValueSpecification\",\"valueRequired\":true,\"valueName\":\"search_term_string\"}}],\"inLanguage\":\"fr-FR\"},{\"@type\":\"Organization\",\"@id\":\"https:\\\/\\\/olivierfelixisselin.com\\\/#organization\",\"name\":\"Olivier Felix Isselin\",\"alternateName\":\"OFI\",\"url\":\"https:\\\/\\\/olivierfelixisselin.com\\\/\",\"logo\":{\"@type\":\"ImageObject\",\"inLanguage\":\"fr-FR\",\"@id\":\"https:\\\/\\\/olivierfelixisselin.com\\\/#\\\/schema\\\/logo\\\/image\\\/\",\"url\":\"https:\\\/\\\/olivierfelixisselin.com\\\/wp-content\\\/uploads\\\/2023\\\/05\\\/cropped-cropped-logo-fourmiliere-ikb.png\",\"contentUrl\":\"https:\\\/\\\/olivierfelixisselin.com\\\/wp-content\\\/uploads\\\/2023\\\/05\\\/cropped-cropped-logo-fourmiliere-ikb.png\",\"width\":512,\"height\":512,\"caption\":\"Olivier Felix Isselin\"},\"image\":{\"@id\":\"https:\\\/\\\/olivierfelixisselin.com\\\/#\\\/schema\\\/logo\\\/image\\\/\"},\"sameAs\":[\"https:\\\/\\\/www.facebook.com\\\/FelixIsselin\",\"https:\\\/\\\/x.com\\\/FelixISSELIN\",\"https:\\\/\\\/www.instagram.com\\\/felix.isselin\\\/\",\"https:\\\/\\\/www.linkedin.com\\\/in\\\/olivier-felix-isselin-31915b84\\\/\"]},{\"@type\":\"Person\",\"@id\":\"https:\\\/\\\/olivierfelixisselin.com\\\/#\\\/schema\\\/person\\\/7722c1cf90d811c75e665a92b208ab0a\",\"name\":\"admin1037\",\"image\":{\"@type\":\"ImageObject\",\"inLanguage\":\"fr-FR\",\"@id\":\"https:\\\/\\\/secure.gravatar.com\\\/avatar\\\/b2b592ff1e7ac9296f7d27f28579b35a568e15c7a7e79a5f45cdef82ead38e2c?s=96&d=robohash&r=g\",\"url\":\"https:\\\/\\\/secure.gravatar.com\\\/avatar\\\/b2b592ff1e7ac9296f7d27f28579b35a568e15c7a7e79a5f45cdef82ead38e2c?s=96&d=robohash&r=g\",\"contentUrl\":\"https:\\\/\\\/secure.gravatar.com\\\/avatar\\\/b2b592ff1e7ac9296f7d27f28579b35a568e15c7a7e79a5f45cdef82ead38e2c?s=96&d=robohash&r=g\",\"caption\":\"admin1037\"},\"sameAs\":[\"http:\\\/\\\/olivierfelixisselin.com\",\"https:\\\/\\\/www.facebook.com\\\/FelixIsselin\\\/\",\"https:\\\/\\\/www.instagram.com\\\/felix.isselin\\\/\",\"https:\\\/\\\/www.linkedin.com\\\/in\\\/olivier-felix-isselin-31915b84\\\/\"],\"url\":\"https:\\\/\\\/olivierfelixisselin.com\\\/index.php\\\/author\\\/admin1037\\\/\"}]}<\/script>\n<!-- \/ Yoast SEO plugin. -->","yoast_head_json":{"title":"Olivier Isselin \u2013 the art of audacity. - Olivier Felix Isselin","description":"Archives OFI - Les C\u00f4te-d'Oriens en Lumi\u00e8re - Suppl\u00e9ment Le Bien Public - Portrait.","robots":{"index":"index","follow":"follow","max-snippet":"max-snippet:-1","max-image-preview":"max-image-preview:large","max-video-preview":"max-video-preview:-1"},"canonical":"https:\/\/olivierfelixisselin.com\/index.php\/en\/2023\/06\/11\/olivier-isselin-the-art-of-audacity\/","og_locale":"fr_FR","og_type":"article","og_title":"Olivier Isselin \u2013 the art of audacity. - Olivier Felix Isselin","og_description":"Archives OFI - Les C\u00f4te-d'Oriens en Lumi\u00e8re - Suppl\u00e9ment Le Bien Public - Portrait.","og_url":"https:\/\/olivierfelixisselin.com\/index.php\/en\/2023\/06\/11\/olivier-isselin-the-art-of-audacity\/","og_site_name":"Olivier Felix Isselin","article_publisher":"https:\/\/www.facebook.com\/FelixIsselin","article_author":"https:\/\/www.facebook.com\/FelixIsselin\/","article_published_time":"2023-06-11T05:33:54+00:00","article_modified_time":"2024-01-07T13:29:28+00:00","og_image":[{"url":"https:\/\/olivierfelixisselin.com\/wp-content\/uploads\/2023\/05\/cotedoriens-en-lumiere-618x1024.jpg","type":"","width":"","height":""}],"author":"admin1037","twitter_card":"summary_large_image","twitter_creator":"@FelixISSELIN","twitter_site":"@FelixISSELIN","twitter_misc":{"\u00c9crit par":"admin1037","Dur\u00e9e de lecture estim\u00e9e":"2 minutes"},"schema":{"@context":"https:\/\/schema.org","@graph":[{"@type":"Article","@id":"https:\/\/olivierfelixisselin.com\/index.php\/en\/2023\/06\/11\/olivier-isselin-the-art-of-audacity\/#article","isPartOf":{"@id":"https:\/\/olivierfelixisselin.com\/index.php\/en\/2023\/06\/11\/olivier-isselin-the-art-of-audacity\/"},"author":{"name":"admin1037","@id":"https:\/\/olivierfelixisselin.com\/#\/schema\/person\/7722c1cf90d811c75e665a92b208ab0a"},"headline":"Olivier Isselin \u2013 the art of audacity.","datePublished":"2023-06-11T05:33:54+00:00","dateModified":"2024-01-07T13:29:28+00:00","mainEntityOfPage":{"@id":"https:\/\/olivierfelixisselin.com\/index.php\/en\/2023\/06\/11\/olivier-isselin-the-art-of-audacity\/"},"wordCount":147,"commentCount":0,"publisher":{"@id":"https:\/\/olivierfelixisselin.com\/#organization"},"image":{"@id":"https:\/\/olivierfelixisselin.com\/index.php\/en\/2023\/06\/11\/olivier-isselin-the-art-of-audacity\/#primaryimage"},"thumbnailUrl":"https:\/\/olivierfelixisselin.com\/wp-content\/uploads\/2023\/05\/cotedoriens-en-lumiere-618x1024.jpg","articleSection":["Press"],"inLanguage":"fr-FR","potentialAction":[{"@type":"CommentAction","name":"Comment","target":["https:\/\/olivierfelixisselin.com\/index.php\/en\/2023\/06\/11\/olivier-isselin-the-art-of-audacity\/#respond"]}]},{"@type":"WebPage","@id":"https:\/\/olivierfelixisselin.com\/index.php\/en\/2023\/06\/11\/olivier-isselin-the-art-of-audacity\/","url":"https:\/\/olivierfelixisselin.com\/index.php\/en\/2023\/06\/11\/olivier-isselin-the-art-of-audacity\/","name":"Olivier Isselin \u2013 the art of audacity. - Olivier Felix Isselin","isPartOf":{"@id":"https:\/\/olivierfelixisselin.com\/#website"},"primaryImageOfPage":{"@id":"https:\/\/olivierfelixisselin.com\/index.php\/en\/2023\/06\/11\/olivier-isselin-the-art-of-audacity\/#primaryimage"},"image":{"@id":"https:\/\/olivierfelixisselin.com\/index.php\/en\/2023\/06\/11\/olivier-isselin-the-art-of-audacity\/#primaryimage"},"thumbnailUrl":"https:\/\/olivierfelixisselin.com\/wp-content\/uploads\/2023\/05\/cotedoriens-en-lumiere-618x1024.jpg","datePublished":"2023-06-11T05:33:54+00:00","dateModified":"2024-01-07T13:29:28+00:00","description":"Archives OFI - Les C\u00f4te-d'Oriens en Lumi\u00e8re - Suppl\u00e9ment Le Bien Public - Portrait.","breadcrumb":{"@id":"https:\/\/olivierfelixisselin.com\/index.php\/en\/2023\/06\/11\/olivier-isselin-the-art-of-audacity\/#breadcrumb"},"inLanguage":"fr-FR","potentialAction":[{"@type":"ReadAction","target":["https:\/\/olivierfelixisselin.com\/index.php\/en\/2023\/06\/11\/olivier-isselin-the-art-of-audacity\/"]}]},{"@type":"ImageObject","inLanguage":"fr-FR","@id":"https:\/\/olivierfelixisselin.com\/index.php\/en\/2023\/06\/11\/olivier-isselin-the-art-of-audacity\/#primaryimage","url":"https:\/\/olivierfelixisselin.com\/wp-content\/uploads\/2023\/05\/cotedoriens-en-lumiere.jpg","contentUrl":"https:\/\/olivierfelixisselin.com\/wp-content\/uploads\/2023\/05\/cotedoriens-en-lumiere.jpg","width":1177,"height":1950,"caption":"article presse portrait Olivier Felix Isselin"},{"@type":"BreadcrumbList","@id":"https:\/\/olivierfelixisselin.com\/index.php\/en\/2023\/06\/11\/olivier-isselin-the-art-of-audacity\/#breadcrumb","itemListElement":[{"@type":"ListItem","position":1,"name":"Accueil","item":"https:\/\/olivierfelixisselin.com\/"},{"@type":"ListItem","position":2,"name":"Olivier Isselin \u2013 the art of audacity."}]},{"@type":"WebSite","@id":"https:\/\/olivierfelixisselin.com\/#website","url":"https:\/\/olivierfelixisselin.com\/","name":"Olivier Felix Isselin","description":"- - -","publisher":{"@id":"https:\/\/olivierfelixisselin.com\/#organization"},"alternateName":"OFI","potentialAction":[{"@type":"SearchAction","target":{"@type":"EntryPoint","urlTemplate":"https:\/\/olivierfelixisselin.com\/?s={search_term_string}"},"query-input":{"@type":"PropertyValueSpecification","valueRequired":true,"valueName":"search_term_string"}}],"inLanguage":"fr-FR"},{"@type":"Organization","@id":"https:\/\/olivierfelixisselin.com\/#organization","name":"Olivier Felix Isselin","alternateName":"OFI","url":"https:\/\/olivierfelixisselin.com\/","logo":{"@type":"ImageObject","inLanguage":"fr-FR","@id":"https:\/\/olivierfelixisselin.com\/#\/schema\/logo\/image\/","url":"https:\/\/olivierfelixisselin.com\/wp-content\/uploads\/2023\/05\/cropped-cropped-logo-fourmiliere-ikb.png","contentUrl":"https:\/\/olivierfelixisselin.com\/wp-content\/uploads\/2023\/05\/cropped-cropped-logo-fourmiliere-ikb.png","width":512,"height":512,"caption":"Olivier Felix Isselin"},"image":{"@id":"https:\/\/olivierfelixisselin.com\/#\/schema\/logo\/image\/"},"sameAs":["https:\/\/www.facebook.com\/FelixIsselin","https:\/\/x.com\/FelixISSELIN","https:\/\/www.instagram.com\/felix.isselin\/","https:\/\/www.linkedin.com\/in\/olivier-felix-isselin-31915b84\/"]},{"@type":"Person","@id":"https:\/\/olivierfelixisselin.com\/#\/schema\/person\/7722c1cf90d811c75e665a92b208ab0a","name":"admin1037","image":{"@type":"ImageObject","inLanguage":"fr-FR","@id":"https:\/\/secure.gravatar.com\/avatar\/b2b592ff1e7ac9296f7d27f28579b35a568e15c7a7e79a5f45cdef82ead38e2c?s=96&d=robohash&r=g","url":"https:\/\/secure.gravatar.com\/avatar\/b2b592ff1e7ac9296f7d27f28579b35a568e15c7a7e79a5f45cdef82ead38e2c?s=96&d=robohash&r=g","contentUrl":"https:\/\/secure.gravatar.com\/avatar\/b2b592ff1e7ac9296f7d27f28579b35a568e15c7a7e79a5f45cdef82ead38e2c?s=96&d=robohash&r=g","caption":"admin1037"},"sameAs":["http:\/\/olivierfelixisselin.com","https:\/\/www.facebook.com\/FelixIsselin\/","https:\/\/www.instagram.com\/felix.isselin\/","https:\/\/www.linkedin.com\/in\/olivier-felix-isselin-31915b84\/"],"url":"https:\/\/olivierfelixisselin.com\/index.php\/author\/admin1037\/"}]}},"_links":{"self":[{"href":"https:\/\/olivierfelixisselin.com\/index.php\/wp-json\/wp\/v2\/posts\/768","targetHints":{"allow":["GET"]}}],"collection":[{"href":"https:\/\/olivierfelixisselin.com\/index.php\/wp-json\/wp\/v2\/posts"}],"about":[{"href":"https:\/\/olivierfelixisselin.com\/index.php\/wp-json\/wp\/v2\/types\/post"}],"author":[{"embeddable":true,"href":"https:\/\/olivierfelixisselin.com\/index.php\/wp-json\/wp\/v2\/users\/1"}],"replies":[{"embeddable":true,"href":"https:\/\/olivierfelixisselin.com\/index.php\/wp-json\/wp\/v2\/comments?post=768"}],"version-history":[{"count":3,"href":"https:\/\/olivierfelixisselin.com\/index.php\/wp-json\/wp\/v2\/posts\/768\/revisions"}],"predecessor-version":[{"id":4252,"href":"https:\/\/olivierfelixisselin.com\/index.php\/wp-json\/wp\/v2\/posts\/768\/revisions\/4252"}],"wp:attachment":[{"href":"https:\/\/olivierfelixisselin.com\/index.php\/wp-json\/wp\/v2\/media?parent=768"}],"wp:term":[{"taxonomy":"category","embeddable":true,"href":"https:\/\/olivierfelixisselin.com\/index.php\/wp-json\/wp\/v2\/categories?post=768"},{"taxonomy":"post_tag","embeddable":true,"href":"https:\/\/olivierfelixisselin.com\/index.php\/wp-json\/wp\/v2\/tags?post=768"}],"curies":[{"name":"wp","href":"https:\/\/api.w.org\/{rel}","templated":true}]}}