{"id":4916,"date":"2024-04-12T11:57:08","date_gmt":"2024-04-12T09:57:08","guid":{"rendered":"https:\/\/olivierfelixisselin.com\/?p=4916"},"modified":"2024-04-12T11:57:09","modified_gmt":"2024-04-12T09:57:09","slug":"entrevista-cruzada-franck-vignal-presidente-alce-cde-y-olivier-felix-isselin-disenador-ceo-linoxydable","status":"publish","type":"post","link":"https:\/\/olivierfelixisselin.com\/index.php\/es\/2024\/04\/12\/entrevista-cruzada-franck-vignal-presidente-alce-cde-y-olivier-felix-isselin-disenador-ceo-linoxydable\/","title":{"rendered":"ENTREVISTA CRUZADA : Franck Vignal (Presidente ALCE-CDE) y Olivier Felix Isselin (Dise\u00f1ador \u2013 CEO Linoxydable)"},"content":{"rendered":"\n<p class=\"has-small-font-size\"><strong>ENTREVISTA CRUZADA<br>Franck Vignal (Presidente ALCE-CDE) y Olivier Felix Isselin (Dise\u00f1ador \u2013 CEO Linoxydable)<br>Entrevista realizada el 25 de enero de 2024.<\/strong><\/p>\n\n\n\n<div style=\"height:30px\" aria-hidden=\"true\" class=\"wp-block-spacer\"><\/div>\n\n\n\n<h6 class=\"wp-block-heading\">Para empezar, \u00bfpuedes contarnos c\u00f3mo naci\u00f3 la idea de colaborar juntos como dise\u00f1ador e industrial?<\/h6>\n\n\n\n<p><strong>OFI:<\/strong> Es muy sencillo, soy dise\u00f1ador, es decir dise\u00f1ador. Mi trabajo no es fabricar los productos que creo. Al ser completamente independiente, trabajo en colaboraci\u00f3n con empresas. En el caso concreto que nos ocupa, es decir, la fabricaci\u00f3n de spas y piscinas de acero inoxidable, ten\u00eda que encontrar un calderero capaz de realizar mis creaciones. CDE es el l\u00edder franc\u00e9s en la fabricaci\u00f3n de tanques de almacenamiento\u2026 Era l\u00f3gico que llamara a su puerta.<br>Para el tratamiento del agua trabajo con una empresa normanda: France Ozone. Para regulaci\u00f3n y niveles de agua con una empresa Var: Regul&rsquo;\u00e9lelectronique.<\/p>\n\n\n\n<p><strong>FV-CDE:<\/strong> CDE es una calderer\u00eda que existe desde hace 60 a\u00f1os y que, por tanto, tiene una larga experiencia en el trabajo del acero; Cuando OFI se puso en contacto con nosotros para hablar de su proyecto, todos nuestros empleados se entusiasmaron inmediatamente porque incluye fuertes valores para nosotros: conocimiento, calidad y est\u00e9tica.<\/p>\n\n\n\n<h6 class=\"wp-block-heading\">Como dise\u00f1ador galardonado con prestigiosos premios internacionales y empresa l\u00edder en almacenamiento de tanques industriales, \u00bfc\u00f3mo percibe el valor a\u00f1adido que todos pueden aportar a esta colaboraci\u00f3n?<\/h6>\n\n\n\n<p><strong>FV-CDE:<\/strong> Los proyectos que nos ofrece OFI, aunque sean muy diferentes de los que hacemos habitualmente para mercados dif\u00edciles como el qu\u00edmico o el nuclear, no son menos exigentes. La calidad de las soldaduras o las limitaciones del estado de la superficie nos obligan a contar con soldadores altamente cualificados para estos proyectos.<\/p>\n\n\n\n<p><strong>OFI:<\/strong> Como dise\u00f1ador, puedo aportar una perspectiva creativa y est\u00e9tica \u00fanica, mientras que el CDE puede garantizar viabilidad t\u00e9cnica y alta calidad de fabricaci\u00f3n. Es esta sinergia la que eleva nuestras creaciones al siguiente nivel.<\/p>\n\n\n\n<h6 class=\"wp-block-heading\">Langres es un interesante punto de convergencia y desempe\u00f1a un papel central en vuestra historia personal y profesional, como lugar de origen para uno y sede para el otro. \u00bfC\u00f3mo influy\u00f3 esta conexi\u00f3n con Langres en su decisi\u00f3n de colaborar?<\/h6>\n\n\n\n<p><strong>OFI:<\/strong> El hecho de que el CDE est\u00e9 situado en Langres me produce una gran satisfacci\u00f3n porque vuelvo all\u00ed a menudo. Nac\u00ed all\u00ed, es mi cuna familiar y siempre he sido un enamorado de mi ciudad pero la configuraci\u00f3n geogr\u00e1fica no influye en absoluto en mi elecci\u00f3n. Cuando fui a encontrarme con el Sr. Vignal, fui a ver a un profesional cuya empresa es l\u00edder en el mercado franc\u00e9s de tanques industriales y cuyo saber hacer es reconocido mucho m\u00e1s all\u00e1 de la meseta\u2026<\/p>\n\n\n\n<p><strong>FV-CDE:<\/strong> CDE siempre ha estado en Langres, m\u00e1s concretamente en Saints-Geosmes, y todos nuestros empleados tienen un fuerte v\u00ednculo con su regi\u00f3n. Los productos que producimos est\u00e1n presentes en toda Francia. Estamos encantados de que OFI nos haya preguntado y m\u00e1s a\u00fan de que sea natural de Langres.<\/p>\n\n\n\n<h6 class=\"wp-block-heading\">\u00bfPuedes explicar c\u00f3mo esta herencia compartida influye en tu trabajo?<\/h6>\n\n\n\n<p><strong>FV-CDE:<\/strong> Haute Marne tiene una larga historia en el sector metal\u00fargico y muchas empresas presentes en Haute Marne son reconocidas internacionalmente.<\/p>\n\n\n\n<p><strong>OFI:<\/strong> Langres es mi cuna familiar, tanto por parte de padre como de madre. Nac\u00ed all\u00ed y viv\u00ed all\u00ed hasta los quince a\u00f1os. Estoy muy apegado a ello. Entonces, mi relaci\u00f3n con la est\u00e9tica siempre ha sido fundamental y estoy convencido de que la belleza del pueblo de Langres y su entorno han contribuido en gran medida a llamarme la atenci\u00f3n.<\/p>\n\n\n\n<h6 class=\"wp-block-heading\">\u00bfExisten beneficios espec\u00edficos relacionados con la ubicaci\u00f3n geogr\u00e1fica?<\/h6>\n\n\n\n<p><strong>OFI: <\/strong>S\u00ed, sin duda, Langres est\u00e1 idealmente situada\u2026 Es un importante cruce de autopistas y no en vano fue una de las mayores plazas fuertes de nuestro pa\u00eds\u2026<\/p>\n\n\n\n<h6 class=\"wp-block-heading\">Cu\u00e9ntenos sobre los desaf\u00edos que enfrentan al trabajar juntos a pesar de sus diferencias de ubicaci\u00f3n.<\/h6>\n\n\n\n<p><strong>VF-CDE:<\/strong> Muchos de nuestros clientes o proyectos tienen su sede en el extranjero, la distancia ya no es un problema desde hace mucho tiempo.<\/p>\n\n\n\n<p><strong>OFI:<\/strong> La distancia no es un problema. Mi lugar de residencia no importa para nuestra colaboraci\u00f3n. Mientras tenga mis cuadernos de dibujo, una computadora, una buena conexi\u00f3n a Internet y un tel\u00e9fono, puedo trabajar en cualquier lugar. Aunque percibamos un cierto retorno y un deseo de deslocalizarnos, nuestra econom\u00eda est\u00e1 globalizada\u2026 S\u00f3lo tengo que volver a Langres de vez en cuando, pero no lo veo como una limitaci\u00f3n, sino como un placer.<\/p>\n\n\n\n<h6 class=\"wp-block-heading\">\u00a1Uno de tus proyectos recibi\u00f3 el premio A&rsquo; Design Award, una de las distinciones m\u00e1s prestigiosas del mundo en el campo del dise\u00f1o! \u00bfPuede contarnos m\u00e1s sobre el proyecto espec\u00edfico que le vali\u00f3 el premio A&rsquo; Design Award y la visi\u00f3n creativa que fue reconocida con el premio? \u00bfEn qu\u00e9 se diferencia de otras creaciones?<\/h6>\n\n\n\n<p><strong>OFI:<\/strong> El proyecto ganador es Space Oddity, un spa infinito de acero inoxidable. Mi objetivo era completar nuestra gama de spa con un producto est\u00e9tico e inmediatamente reconocible. La idea era traspasar los l\u00edmites del dise\u00f1o de spa tradicional para ofrecer una experiencia lujosa y atemporal.<\/p>\n\n\n\n<p><strong>VF-CDE: <\/strong>El proyecto OFI tiene como punto de partida una forma industrial bien dominada ya que es una forma que sabemos programar en nuestros equipos de producci\u00f3n. La fabricaci\u00f3n se simplifica manteniendo un innegable car\u00e1cter innovador y est\u00e9tico. Una de las dificultades reside en la precisi\u00f3n de la repetibilidad de esta forma que se inserta en una segunda cubeta que sirve de base. El conjunto encuentra su lugar en un tercer grupo.<\/p>\n\n\n\n<h6 class=\"wp-block-heading\">Adem\u00e1s del A&rsquo; Design Award, el dise\u00f1ador recibi\u00f3 el DNA Paris Design Award y el IPDA Japan Design Award, el Grand Prix du Design Paris, un IIDA Italy International Design Award de plata, el European Product Design Award y hoy el FD100 que premia los 100 dise\u00f1adores de objetos y espacios que promueven el DISE\u00d1O FRANC\u00c9S a nivel internacional. \u00bfC\u00f3mo complementan estas diferentes distinciones el impacto del A&rsquo; Design Award?<\/h6>\n\n\n\n<p><strong>OFI:<\/strong> Evidentemente, la obtenci\u00f3n de premios internacionales refuerza nuestra visibilidad y nuestra legitimidad en Francia, pero tambi\u00e9n en pa\u00edses a los que nos resultar\u00eda dif\u00edcil llegar. Esto conduce autom\u00e1ticamente a un aumento del inter\u00e9s en nuestros spas y piscinas por parte de clientes potenciales o socios comerciales. Luego, desde un punto de vista personal, adem\u00e1s de gratificantes, estos premios me aportan notoriedad que me abre muchas puertas en todo el mundo: varias entidades de todo el mundo me contactan para otros proyectos, congresos, simposios, etc. Es emocionante y muy motivador.<\/p>\n\n\n\n<h6 class=\"wp-block-heading\">Los campos del lujo y la industria a menudo se consideran diferentes. \u00bfQu\u00e9 despert\u00f3 su inter\u00e9s mutuo en explorar una colaboraci\u00f3n entre sus dos campos respectivos?<\/h6>\n\n\n\n<p><strong>FV-CDE:<\/strong> CDE lleva mucho tiempo respondiendo a mercados exigentes con altos niveles de calidad. Este exigente know-how y los recursos industriales a nuestra disposici\u00f3n nos permiten responder a las expectativas de este nuevo mercado.<\/p>\n\n\n\n<p><strong>OFI:<\/strong> Quer\u00eda crear piscinas y luego spas en acero inoxidable. Por lo tanto, ten\u00eda que acercarme a un fabricante capaz de realizar mis proyectos\u2026 En el sector de la calderer\u00eda hay muchos artesanos, pero pens\u00e9 que ser\u00eda prudente trabajar con un industrial. Los proyectos son complejos y pesados. Requieren un gran know-how y, sobre todo, quiero que sea posible hacer frente a una gran afluencia de pedidos manteniendo una alta calidad de producci\u00f3n\u2026 y el CDE puede satisfacer perfectamente estas necesidades.<\/p>\n\n\n\n<h6 class=\"wp-block-heading\">Las colaboraciones a menudo pueden ser gratificantes, pero tambi\u00e9n presentan desaf\u00edos. \u00bfC\u00f3mo superaron las diferencias iniciales para llegar a una visi\u00f3n com\u00fan para esta colaboraci\u00f3n?<\/h6>\n\n\n\n<p><strong>OFI:<\/strong> Cada uno debe permanecer en su propio dominio. El CDE verifica la viabilidad y se responsabiliza de la implementaci\u00f3n, mientras que yo dise\u00f1o el objeto y sigo siendo independiente. Pero es cierto que tenemos que estar de acuerdo\u2026 Tenemos una forma de trabajar muy diferente: soy un creador y yo, antes de colaborar con el CDE, trabajaba con artesanos\u2026 El CDE es una gran m\u00e1quina, todo est\u00e1 m\u00e1s estructurado: los procesos de fabricaci\u00f3n son precisos y ya no es posible hacer modificaciones despu\u00e9s de la validaci\u00f3n\u2026 Entonces soy muy exigente en cuanto a acabados. Incluso m\u00e1s all\u00e1 de mi propia voluntad, la excelencia es obligatoria en el mercado al que nos dirigimos.<\/p>\n\n\n\n<p><strong>FV-CDE:<\/strong> Hoy en d\u00eda, los fabricantes aplican procedimientos cada vez m\u00e1s flexibles y receptivos, siempre que existan ciertas limitaciones industriales: viabilidad t\u00e9cnica y econ\u00f3mica, repetibilidad, etc. Este tipo de colaboraci\u00f3n es siempre enriquecedora, nos exige plantearnos cuestiones y aplicar nuevas soluciones.<\/p>\n\n\n\n<h6 class=\"wp-block-heading\">Los clientes de lujo suelen buscar experiencias exclusivas y personalizadas. \u00bfC\u00f3mo le permite esta colaboraci\u00f3n satisfacer las necesidades espec\u00edficas de los clientes en ambas \u00e1reas?<\/h6>\n\n\n\n<p><strong>OFI:<\/strong> Nos esforzamos en personalizar nuestros modelos y adaptarlos a los deseos de nuestros clientes. Sabemos adaptarnos a cada situaci\u00f3n. Cada proyecto es \u00fanico.<\/p>\n\n\n\n<p><strong>FV-CDE:<\/strong> La industrializaci\u00f3n de un producto forma parte de nuestro ADN y la personalizaci\u00f3n de ese mismo producto se puede gestionar de forma industrial. Hoy en d\u00eda, muchas industrias ya est\u00e1n respondiendo a estas nuevas limitaciones.<\/p>\n\n\n\n<h6 class=\"wp-block-heading\">El dise\u00f1o y la ingenier\u00eda a veces tienen prioridades diferentes, pero alinearlas es esencial para crear productos exitosos. \u00bfC\u00f3mo se complementan sus dos profesiones para lograr soluciones equilibradas?<\/h6>\n\n\n\n<p><strong>FV-CDE:<\/strong> Nos consideramos m\u00e1s bien actividades complementarias, una de las cuales no puede existir sin la otra.<\/p>\n\n\n\n<p><strong>OFI:<\/strong> El dise\u00f1ador aporta creatividad, est\u00e9tica y funcionalidad, mientras que el industrial vela por la viabilidad t\u00e9cnica y de fabricaci\u00f3n. Es esta armon\u00eda la que da como resultado soluciones equilibradas.<\/p>\n\n\n\n<h6 class=\"wp-block-heading\">Por \u00faltimo, \u00bfc\u00f3mo piensan desarrollar esta colaboraci\u00f3n en el futuro para reforzar la innovaci\u00f3n y la excelencia de sus respectivos productos, sin dejar de resaltar su identidad com\u00fan \u201cMade in France\u201d?<\/h6>\n\n\n\n<p><strong>FV-CDE:<\/strong> Estamos convencidos de la viabilidad del proyecto. La industria siempre ha adaptado sus recursos a los nuevos mercados. Tambi\u00e9n es una forma de resaltar y reconocer el saber hacer de nuestros empleados.<\/p>\n\n\n\n<p><strong>OFI:<\/strong> El dise\u00f1o de spas de acero inoxidable y tanques de almacenamiento industriales podr\u00eda encontrar salidas comunes en otros campos, como la arquitectura o los proyectos urban\u00edsticos: Estanques, fuentes\u2026 piscinas p\u00fablicas, etc.<\/p>\n\n\n\n<h6 class=\"wp-block-heading\">Para concluir, \u00bfc\u00f3mo percibe el valor de todos estos premios internacionales: A&rsquo; Design Award, European Product Design Award, DNA Paris Design Award, IPDA Japan Design Award de plata, Grand Prix du Design Paris, IIDA Italy International Design Award de plata y \u00bfFrench Design 100 m\u00e1s all\u00e1 de su aspecto honor\u00edfico, como posibles catalizadores de asociaciones fruct\u00edferas y avances significativos en sus respectivas industrias?<\/h6>\n\n\n\n<p><strong>OFI:<\/strong> M\u00e1s all\u00e1 de que es muy grato y motivador que se reconozca tu trabajo, estos premios fortalecen nuestro posicionamiento en el mercado y abren puertas a nuevas oportunidades.<\/p>\n","protected":false},"excerpt":{"rendered":"<p>ENTREVISTA CRUZADAFranck Vignal (Presidente ALCE-CDE) y Olivier Felix Isselin (Dise\u00f1ador \u2013 CEO Linoxydable)Entrevista realizada el [&hellip;]<\/p>\n","protected":false},"author":1,"featured_media":0,"comment_status":"closed","ping_status":"open","sticky":false,"template":"","format":"standard","meta":{"footnotes":""},"categories":[292,288],"tags":[],"class_list":["post-4916","post","type-post","status-publish","format-standard","hentry","category-diverso","category-revista-de-prensa"],"yoast_head":"<!-- This site is optimized with the Yoast SEO plugin v27.4 - https:\/\/yoast.com\/product\/yoast-seo-wordpress\/ -->\n<title>ENTREVISTA CRUZADA : Franck Vignal (Presidente ALCE-CDE) y Olivier Felix Isselin (Dise\u00f1ador \u2013 CEO Linoxydable) - Olivier Felix Isselin<\/title>\n<meta name=\"robots\" content=\"index, follow, max-snippet:-1, max-image-preview:large, max-video-preview:-1\" \/>\n<link rel=\"canonical\" href=\"https:\/\/olivierfelixisselin.com\/index.php\/es\/2024\/04\/12\/entrevista-cruzada-franck-vignal-presidente-alce-cde-y-olivier-felix-isselin-disenador-ceo-linoxydable\/\" \/>\n<meta property=\"og:locale\" content=\"fr_FR\" \/>\n<meta property=\"og:type\" content=\"article\" \/>\n<meta property=\"og:title\" content=\"ENTREVISTA CRUZADA : Franck Vignal (Presidente ALCE-CDE) y Olivier Felix Isselin (Dise\u00f1ador \u2013 CEO Linoxydable) - Olivier Felix Isselin\" \/>\n<meta property=\"og:description\" content=\"ENTREVISTA CRUZADAFranck Vignal (Presidente ALCE-CDE) y Olivier Felix Isselin (Dise\u00f1ador \u2013 CEO Linoxydable)Entrevista realizada el [&hellip;]\" \/>\n<meta property=\"og:url\" content=\"https:\/\/olivierfelixisselin.com\/index.php\/es\/2024\/04\/12\/entrevista-cruzada-franck-vignal-presidente-alce-cde-y-olivier-felix-isselin-disenador-ceo-linoxydable\/\" \/>\n<meta property=\"og:site_name\" content=\"Olivier Felix Isselin\" \/>\n<meta property=\"article:publisher\" content=\"https:\/\/www.facebook.com\/FelixIsselin\" \/>\n<meta property=\"article:author\" content=\"https:\/\/www.facebook.com\/FelixIsselin\/\" \/>\n<meta property=\"article:published_time\" content=\"2024-04-12T09:57:08+00:00\" \/>\n<meta property=\"article:modified_time\" content=\"2024-04-12T09:57:09+00:00\" \/>\n<meta property=\"og:image\" content=\"https:\/\/olivierfelixisselin.com\/wp-content\/uploads\/2023\/06\/Olivier-Felix-Isselin.jpg\" \/>\n\t<meta property=\"og:image:width\" content=\"1200\" \/>\n\t<meta property=\"og:image:height\" content=\"665\" \/>\n\t<meta property=\"og:image:type\" content=\"image\/jpeg\" \/>\n<meta name=\"author\" content=\"admin1037\" \/>\n<meta name=\"twitter:card\" content=\"summary_large_image\" \/>\n<meta name=\"twitter:creator\" content=\"@FelixISSELIN\" \/>\n<meta name=\"twitter:site\" content=\"@FelixISSELIN\" \/>\n<meta name=\"twitter:label1\" content=\"\u00c9crit par\" \/>\n\t<meta name=\"twitter:data1\" content=\"admin1037\" \/>\n\t<meta name=\"twitter:label2\" content=\"Dur\u00e9e de lecture estim\u00e9e\" \/>\n\t<meta name=\"twitter:data2\" content=\"9 minutes\" \/>\n<script type=\"application\/ld+json\" class=\"yoast-schema-graph\">{\"@context\":\"https:\\\/\\\/schema.org\",\"@graph\":[{\"@type\":\"Article\",\"@id\":\"https:\\\/\\\/olivierfelixisselin.com\\\/index.php\\\/es\\\/2024\\\/04\\\/12\\\/entrevista-cruzada-franck-vignal-presidente-alce-cde-y-olivier-felix-isselin-disenador-ceo-linoxydable\\\/#article\",\"isPartOf\":{\"@id\":\"https:\\\/\\\/olivierfelixisselin.com\\\/index.php\\\/es\\\/2024\\\/04\\\/12\\\/entrevista-cruzada-franck-vignal-presidente-alce-cde-y-olivier-felix-isselin-disenador-ceo-linoxydable\\\/\"},\"author\":{\"name\":\"admin1037\",\"@id\":\"https:\\\/\\\/olivierfelixisselin.com\\\/#\\\/schema\\\/person\\\/7722c1cf90d811c75e665a92b208ab0a\"},\"headline\":\"ENTREVISTA CRUZADA : Franck Vignal (Presidente ALCE-CDE) y Olivier Felix Isselin (Dise\u00f1ador \u2013 CEO Linoxydable)\",\"datePublished\":\"2024-04-12T09:57:08+00:00\",\"dateModified\":\"2024-04-12T09:57:09+00:00\",\"mainEntityOfPage\":{\"@id\":\"https:\\\/\\\/olivierfelixisselin.com\\\/index.php\\\/es\\\/2024\\\/04\\\/12\\\/entrevista-cruzada-franck-vignal-presidente-alce-cde-y-olivier-felix-isselin-disenador-ceo-linoxydable\\\/\"},\"wordCount\":1871,\"publisher\":{\"@id\":\"https:\\\/\\\/olivierfelixisselin.com\\\/#organization\"},\"articleSection\":[\"Diverso\",\"Revista de Prensa\"],\"inLanguage\":\"fr-FR\"},{\"@type\":\"WebPage\",\"@id\":\"https:\\\/\\\/olivierfelixisselin.com\\\/index.php\\\/es\\\/2024\\\/04\\\/12\\\/entrevista-cruzada-franck-vignal-presidente-alce-cde-y-olivier-felix-isselin-disenador-ceo-linoxydable\\\/\",\"url\":\"https:\\\/\\\/olivierfelixisselin.com\\\/index.php\\\/es\\\/2024\\\/04\\\/12\\\/entrevista-cruzada-franck-vignal-presidente-alce-cde-y-olivier-felix-isselin-disenador-ceo-linoxydable\\\/\",\"name\":\"ENTREVISTA CRUZADA : Franck Vignal (Presidente ALCE-CDE) y Olivier Felix Isselin (Dise\u00f1ador \u2013 CEO Linoxydable) - Olivier Felix Isselin\",\"isPartOf\":{\"@id\":\"https:\\\/\\\/olivierfelixisselin.com\\\/#website\"},\"datePublished\":\"2024-04-12T09:57:08+00:00\",\"dateModified\":\"2024-04-12T09:57:09+00:00\",\"breadcrumb\":{\"@id\":\"https:\\\/\\\/olivierfelixisselin.com\\\/index.php\\\/es\\\/2024\\\/04\\\/12\\\/entrevista-cruzada-franck-vignal-presidente-alce-cde-y-olivier-felix-isselin-disenador-ceo-linoxydable\\\/#breadcrumb\"},\"inLanguage\":\"fr-FR\",\"potentialAction\":[{\"@type\":\"ReadAction\",\"target\":[\"https:\\\/\\\/olivierfelixisselin.com\\\/index.php\\\/es\\\/2024\\\/04\\\/12\\\/entrevista-cruzada-franck-vignal-presidente-alce-cde-y-olivier-felix-isselin-disenador-ceo-linoxydable\\\/\"]}]},{\"@type\":\"BreadcrumbList\",\"@id\":\"https:\\\/\\\/olivierfelixisselin.com\\\/index.php\\\/es\\\/2024\\\/04\\\/12\\\/entrevista-cruzada-franck-vignal-presidente-alce-cde-y-olivier-felix-isselin-disenador-ceo-linoxydable\\\/#breadcrumb\",\"itemListElement\":[{\"@type\":\"ListItem\",\"position\":1,\"name\":\"Accueil\",\"item\":\"https:\\\/\\\/olivierfelixisselin.com\\\/\"},{\"@type\":\"ListItem\",\"position\":2,\"name\":\"ENTREVISTA CRUZADA : Franck Vignal (Presidente ALCE-CDE) y Olivier Felix Isselin (Dise\u00f1ador \u2013 CEO Linoxydable)\"}]},{\"@type\":\"WebSite\",\"@id\":\"https:\\\/\\\/olivierfelixisselin.com\\\/#website\",\"url\":\"https:\\\/\\\/olivierfelixisselin.com\\\/\",\"name\":\"Olivier Felix Isselin\",\"description\":\"- - -\",\"publisher\":{\"@id\":\"https:\\\/\\\/olivierfelixisselin.com\\\/#organization\"},\"alternateName\":\"OFI\",\"potentialAction\":[{\"@type\":\"SearchAction\",\"target\":{\"@type\":\"EntryPoint\",\"urlTemplate\":\"https:\\\/\\\/olivierfelixisselin.com\\\/?s={search_term_string}\"},\"query-input\":{\"@type\":\"PropertyValueSpecification\",\"valueRequired\":true,\"valueName\":\"search_term_string\"}}],\"inLanguage\":\"fr-FR\"},{\"@type\":\"Organization\",\"@id\":\"https:\\\/\\\/olivierfelixisselin.com\\\/#organization\",\"name\":\"Olivier Felix Isselin\",\"alternateName\":\"OFI\",\"url\":\"https:\\\/\\\/olivierfelixisselin.com\\\/\",\"logo\":{\"@type\":\"ImageObject\",\"inLanguage\":\"fr-FR\",\"@id\":\"https:\\\/\\\/olivierfelixisselin.com\\\/#\\\/schema\\\/logo\\\/image\\\/\",\"url\":\"https:\\\/\\\/olivierfelixisselin.com\\\/wp-content\\\/uploads\\\/2023\\\/05\\\/cropped-cropped-logo-fourmiliere-ikb.png\",\"contentUrl\":\"https:\\\/\\\/olivierfelixisselin.com\\\/wp-content\\\/uploads\\\/2023\\\/05\\\/cropped-cropped-logo-fourmiliere-ikb.png\",\"width\":512,\"height\":512,\"caption\":\"Olivier Felix Isselin\"},\"image\":{\"@id\":\"https:\\\/\\\/olivierfelixisselin.com\\\/#\\\/schema\\\/logo\\\/image\\\/\"},\"sameAs\":[\"https:\\\/\\\/www.facebook.com\\\/FelixIsselin\",\"https:\\\/\\\/x.com\\\/FelixISSELIN\",\"https:\\\/\\\/www.instagram.com\\\/felix.isselin\\\/\",\"https:\\\/\\\/www.linkedin.com\\\/in\\\/olivier-felix-isselin-31915b84\\\/\"]},{\"@type\":\"Person\",\"@id\":\"https:\\\/\\\/olivierfelixisselin.com\\\/#\\\/schema\\\/person\\\/7722c1cf90d811c75e665a92b208ab0a\",\"name\":\"admin1037\",\"image\":{\"@type\":\"ImageObject\",\"inLanguage\":\"fr-FR\",\"@id\":\"https:\\\/\\\/secure.gravatar.com\\\/avatar\\\/b2b592ff1e7ac9296f7d27f28579b35a568e15c7a7e79a5f45cdef82ead38e2c?s=96&d=robohash&r=g\",\"url\":\"https:\\\/\\\/secure.gravatar.com\\\/avatar\\\/b2b592ff1e7ac9296f7d27f28579b35a568e15c7a7e79a5f45cdef82ead38e2c?s=96&d=robohash&r=g\",\"contentUrl\":\"https:\\\/\\\/secure.gravatar.com\\\/avatar\\\/b2b592ff1e7ac9296f7d27f28579b35a568e15c7a7e79a5f45cdef82ead38e2c?s=96&d=robohash&r=g\",\"caption\":\"admin1037\"},\"sameAs\":[\"http:\\\/\\\/olivierfelixisselin.com\",\"https:\\\/\\\/www.facebook.com\\\/FelixIsselin\\\/\",\"https:\\\/\\\/www.instagram.com\\\/felix.isselin\\\/\",\"https:\\\/\\\/www.linkedin.com\\\/in\\\/olivier-felix-isselin-31915b84\\\/\"],\"url\":\"https:\\\/\\\/olivierfelixisselin.com\\\/index.php\\\/author\\\/admin1037\\\/\"}]}<\/script>\n<!-- \/ Yoast SEO plugin. -->","yoast_head_json":{"title":"ENTREVISTA CRUZADA : Franck Vignal (Presidente ALCE-CDE) y Olivier Felix Isselin (Dise\u00f1ador \u2013 CEO Linoxydable) - Olivier Felix Isselin","robots":{"index":"index","follow":"follow","max-snippet":"max-snippet:-1","max-image-preview":"max-image-preview:large","max-video-preview":"max-video-preview:-1"},"canonical":"https:\/\/olivierfelixisselin.com\/index.php\/es\/2024\/04\/12\/entrevista-cruzada-franck-vignal-presidente-alce-cde-y-olivier-felix-isselin-disenador-ceo-linoxydable\/","og_locale":"fr_FR","og_type":"article","og_title":"ENTREVISTA CRUZADA : Franck Vignal (Presidente ALCE-CDE) y Olivier Felix Isselin (Dise\u00f1ador \u2013 CEO Linoxydable) - Olivier Felix Isselin","og_description":"ENTREVISTA CRUZADAFranck Vignal (Presidente ALCE-CDE) y Olivier Felix Isselin (Dise\u00f1ador \u2013 CEO Linoxydable)Entrevista realizada el [&hellip;]","og_url":"https:\/\/olivierfelixisselin.com\/index.php\/es\/2024\/04\/12\/entrevista-cruzada-franck-vignal-presidente-alce-cde-y-olivier-felix-isselin-disenador-ceo-linoxydable\/","og_site_name":"Olivier Felix Isselin","article_publisher":"https:\/\/www.facebook.com\/FelixIsselin","article_author":"https:\/\/www.facebook.com\/FelixIsselin\/","article_published_time":"2024-04-12T09:57:08+00:00","article_modified_time":"2024-04-12T09:57:09+00:00","og_image":[{"width":1200,"height":665,"url":"https:\/\/olivierfelixisselin.com\/wp-content\/uploads\/2023\/06\/Olivier-Felix-Isselin.jpg","type":"image\/jpeg"}],"author":"admin1037","twitter_card":"summary_large_image","twitter_creator":"@FelixISSELIN","twitter_site":"@FelixISSELIN","twitter_misc":{"\u00c9crit par":"admin1037","Dur\u00e9e de lecture estim\u00e9e":"9 minutes"},"schema":{"@context":"https:\/\/schema.org","@graph":[{"@type":"Article","@id":"https:\/\/olivierfelixisselin.com\/index.php\/es\/2024\/04\/12\/entrevista-cruzada-franck-vignal-presidente-alce-cde-y-olivier-felix-isselin-disenador-ceo-linoxydable\/#article","isPartOf":{"@id":"https:\/\/olivierfelixisselin.com\/index.php\/es\/2024\/04\/12\/entrevista-cruzada-franck-vignal-presidente-alce-cde-y-olivier-felix-isselin-disenador-ceo-linoxydable\/"},"author":{"name":"admin1037","@id":"https:\/\/olivierfelixisselin.com\/#\/schema\/person\/7722c1cf90d811c75e665a92b208ab0a"},"headline":"ENTREVISTA CRUZADA : Franck Vignal (Presidente ALCE-CDE) y Olivier Felix Isselin (Dise\u00f1ador \u2013 CEO Linoxydable)","datePublished":"2024-04-12T09:57:08+00:00","dateModified":"2024-04-12T09:57:09+00:00","mainEntityOfPage":{"@id":"https:\/\/olivierfelixisselin.com\/index.php\/es\/2024\/04\/12\/entrevista-cruzada-franck-vignal-presidente-alce-cde-y-olivier-felix-isselin-disenador-ceo-linoxydable\/"},"wordCount":1871,"publisher":{"@id":"https:\/\/olivierfelixisselin.com\/#organization"},"articleSection":["Diverso","Revista de Prensa"],"inLanguage":"fr-FR"},{"@type":"WebPage","@id":"https:\/\/olivierfelixisselin.com\/index.php\/es\/2024\/04\/12\/entrevista-cruzada-franck-vignal-presidente-alce-cde-y-olivier-felix-isselin-disenador-ceo-linoxydable\/","url":"https:\/\/olivierfelixisselin.com\/index.php\/es\/2024\/04\/12\/entrevista-cruzada-franck-vignal-presidente-alce-cde-y-olivier-felix-isselin-disenador-ceo-linoxydable\/","name":"ENTREVISTA CRUZADA : Franck Vignal (Presidente ALCE-CDE) y Olivier Felix Isselin (Dise\u00f1ador \u2013 CEO Linoxydable) - Olivier Felix Isselin","isPartOf":{"@id":"https:\/\/olivierfelixisselin.com\/#website"},"datePublished":"2024-04-12T09:57:08+00:00","dateModified":"2024-04-12T09:57:09+00:00","breadcrumb":{"@id":"https:\/\/olivierfelixisselin.com\/index.php\/es\/2024\/04\/12\/entrevista-cruzada-franck-vignal-presidente-alce-cde-y-olivier-felix-isselin-disenador-ceo-linoxydable\/#breadcrumb"},"inLanguage":"fr-FR","potentialAction":[{"@type":"ReadAction","target":["https:\/\/olivierfelixisselin.com\/index.php\/es\/2024\/04\/12\/entrevista-cruzada-franck-vignal-presidente-alce-cde-y-olivier-felix-isselin-disenador-ceo-linoxydable\/"]}]},{"@type":"BreadcrumbList","@id":"https:\/\/olivierfelixisselin.com\/index.php\/es\/2024\/04\/12\/entrevista-cruzada-franck-vignal-presidente-alce-cde-y-olivier-felix-isselin-disenador-ceo-linoxydable\/#breadcrumb","itemListElement":[{"@type":"ListItem","position":1,"name":"Accueil","item":"https:\/\/olivierfelixisselin.com\/"},{"@type":"ListItem","position":2,"name":"ENTREVISTA CRUZADA : Franck Vignal (Presidente ALCE-CDE) y Olivier Felix Isselin (Dise\u00f1ador \u2013 CEO Linoxydable)"}]},{"@type":"WebSite","@id":"https:\/\/olivierfelixisselin.com\/#website","url":"https:\/\/olivierfelixisselin.com\/","name":"Olivier Felix Isselin","description":"- - -","publisher":{"@id":"https:\/\/olivierfelixisselin.com\/#organization"},"alternateName":"OFI","potentialAction":[{"@type":"SearchAction","target":{"@type":"EntryPoint","urlTemplate":"https:\/\/olivierfelixisselin.com\/?s={search_term_string}"},"query-input":{"@type":"PropertyValueSpecification","valueRequired":true,"valueName":"search_term_string"}}],"inLanguage":"fr-FR"},{"@type":"Organization","@id":"https:\/\/olivierfelixisselin.com\/#organization","name":"Olivier Felix Isselin","alternateName":"OFI","url":"https:\/\/olivierfelixisselin.com\/","logo":{"@type":"ImageObject","inLanguage":"fr-FR","@id":"https:\/\/olivierfelixisselin.com\/#\/schema\/logo\/image\/","url":"https:\/\/olivierfelixisselin.com\/wp-content\/uploads\/2023\/05\/cropped-cropped-logo-fourmiliere-ikb.png","contentUrl":"https:\/\/olivierfelixisselin.com\/wp-content\/uploads\/2023\/05\/cropped-cropped-logo-fourmiliere-ikb.png","width":512,"height":512,"caption":"Olivier Felix Isselin"},"image":{"@id":"https:\/\/olivierfelixisselin.com\/#\/schema\/logo\/image\/"},"sameAs":["https:\/\/www.facebook.com\/FelixIsselin","https:\/\/x.com\/FelixISSELIN","https:\/\/www.instagram.com\/felix.isselin\/","https:\/\/www.linkedin.com\/in\/olivier-felix-isselin-31915b84\/"]},{"@type":"Person","@id":"https:\/\/olivierfelixisselin.com\/#\/schema\/person\/7722c1cf90d811c75e665a92b208ab0a","name":"admin1037","image":{"@type":"ImageObject","inLanguage":"fr-FR","@id":"https:\/\/secure.gravatar.com\/avatar\/b2b592ff1e7ac9296f7d27f28579b35a568e15c7a7e79a5f45cdef82ead38e2c?s=96&d=robohash&r=g","url":"https:\/\/secure.gravatar.com\/avatar\/b2b592ff1e7ac9296f7d27f28579b35a568e15c7a7e79a5f45cdef82ead38e2c?s=96&d=robohash&r=g","contentUrl":"https:\/\/secure.gravatar.com\/avatar\/b2b592ff1e7ac9296f7d27f28579b35a568e15c7a7e79a5f45cdef82ead38e2c?s=96&d=robohash&r=g","caption":"admin1037"},"sameAs":["http:\/\/olivierfelixisselin.com","https:\/\/www.facebook.com\/FelixIsselin\/","https:\/\/www.instagram.com\/felix.isselin\/","https:\/\/www.linkedin.com\/in\/olivier-felix-isselin-31915b84\/"],"url":"https:\/\/olivierfelixisselin.com\/index.php\/author\/admin1037\/"}]}},"_links":{"self":[{"href":"https:\/\/olivierfelixisselin.com\/index.php\/wp-json\/wp\/v2\/posts\/4916","targetHints":{"allow":["GET"]}}],"collection":[{"href":"https:\/\/olivierfelixisselin.com\/index.php\/wp-json\/wp\/v2\/posts"}],"about":[{"href":"https:\/\/olivierfelixisselin.com\/index.php\/wp-json\/wp\/v2\/types\/post"}],"author":[{"embeddable":true,"href":"https:\/\/olivierfelixisselin.com\/index.php\/wp-json\/wp\/v2\/users\/1"}],"replies":[{"embeddable":true,"href":"https:\/\/olivierfelixisselin.com\/index.php\/wp-json\/wp\/v2\/comments?post=4916"}],"version-history":[{"count":1,"href":"https:\/\/olivierfelixisselin.com\/index.php\/wp-json\/wp\/v2\/posts\/4916\/revisions"}],"predecessor-version":[{"id":4917,"href":"https:\/\/olivierfelixisselin.com\/index.php\/wp-json\/wp\/v2\/posts\/4916\/revisions\/4917"}],"wp:attachment":[{"href":"https:\/\/olivierfelixisselin.com\/index.php\/wp-json\/wp\/v2\/media?parent=4916"}],"wp:term":[{"taxonomy":"category","embeddable":true,"href":"https:\/\/olivierfelixisselin.com\/index.php\/wp-json\/wp\/v2\/categories?post=4916"},{"taxonomy":"post_tag","embeddable":true,"href":"https:\/\/olivierfelixisselin.com\/index.php\/wp-json\/wp\/v2\/tags?post=4916"}],"curies":[{"name":"wp","href":"https:\/\/api.w.org\/{rel}","templated":true}]}}