{"id":4273,"date":"2024-01-08T10:10:55","date_gmt":"2024-01-08T09:10:55","guid":{"rendered":"https:\/\/olivierfelixisselin.com\/?p=4273"},"modified":"2024-01-08T10:12:23","modified_gmt":"2024-01-08T09:12:23","slug":"fototentoonstelling-in-de-bonapartetuin-bouwkundig-erfgoed-in-de-kijker","status":"publish","type":"post","link":"https:\/\/olivierfelixisselin.com\/index.php\/nl\/2024\/01\/08\/fototentoonstelling-in-de-bonapartetuin-bouwkundig-erfgoed-in-de-kijker\/","title":{"rendered":"Fototentoonstelling in de Bonapartetuin: Bouwkundig erfgoed in de kijker"},"content":{"rendered":"\n<h6 class=\"wp-block-heading\">fotowedstrijd \u201cEen blik op de architectuur en stedenbouw van Saint-Rapha\u00ebl\u201d \u2013 Tentoonstelling van de winnaars.<\/h6>\n\n\n\n<h6 class=\"wp-block-heading\">Locatie: Jardin Bonaparte \u2013 Saint-Rapha\u00ebl \u2013 C\u00f4te d\u2019Azur \u2013 Frankrijk.<\/h6>\n\n\n\n<div style=\"height:30px\" aria-hidden=\"true\" class=\"wp-block-spacer\"><\/div>\n\n\n\n<div class=\"wp-block-columns is-layout-flex wp-container-core-columns-is-layout-28f84493 wp-block-columns-is-layout-flex\">\n<div class=\"wp-block-column is-layout-flow wp-block-column-is-layout-flow\">\n<figure class=\"wp-block-image size-large\"><img loading=\"lazy\" decoding=\"async\" width=\"579\" height=\"1024\" src=\"https:\/\/olivierfelixisselin.com\/wp-content\/uploads\/2023\/05\/Capture-decran-2023-05-27-a-11.20.23-579x1024.png\" alt=\"persartikel - fototentoonstelling - stad Saint-Rapha\u00ebl - Frankrijk\" class=\"wp-image-4158\" srcset=\"https:\/\/olivierfelixisselin.com\/wp-content\/uploads\/2023\/05\/Capture-decran-2023-05-27-a-11.20.23-579x1024.png 579w, https:\/\/olivierfelixisselin.com\/wp-content\/uploads\/2023\/05\/Capture-decran-2023-05-27-a-11.20.23-170x300.png 170w, https:\/\/olivierfelixisselin.com\/wp-content\/uploads\/2023\/05\/Capture-decran-2023-05-27-a-11.20.23-768x1358.png 768w, https:\/\/olivierfelixisselin.com\/wp-content\/uploads\/2023\/05\/Capture-decran-2023-05-27-a-11.20.23-869x1536.png 869w, https:\/\/olivierfelixisselin.com\/wp-content\/uploads\/2023\/05\/Capture-decran-2023-05-27-a-11.20.23.png 1068w\" sizes=\"auto, (max-width: 579px) 100vw, 579px\" \/><\/figure>\n\n\n\n<figure class=\"wp-block-image size-large\"><img loading=\"lazy\" decoding=\"async\" width=\"1024\" height=\"427\" src=\"https:\/\/olivierfelixisselin.com\/wp-content\/uploads\/2023\/05\/Capture-decran-2023-05-27-a-11.23.54-1024x427.png\" alt=\"persartikel - fototentoonstelling - stad Saint-Rapha\u00ebl - Frankrijk (2)\" class=\"wp-image-4157\" srcset=\"https:\/\/olivierfelixisselin.com\/wp-content\/uploads\/2023\/05\/Capture-decran-2023-05-27-a-11.23.54-1024x427.png 1024w, https:\/\/olivierfelixisselin.com\/wp-content\/uploads\/2023\/05\/Capture-decran-2023-05-27-a-11.23.54-300x125.png 300w, https:\/\/olivierfelixisselin.com\/wp-content\/uploads\/2023\/05\/Capture-decran-2023-05-27-a-11.23.54-768x320.png 768w, https:\/\/olivierfelixisselin.com\/wp-content\/uploads\/2023\/05\/Capture-decran-2023-05-27-a-11.23.54.png 1068w\" sizes=\"auto, (max-width: 1024px) 100vw, 1024px\" \/><\/figure>\n<\/div>\n\n\n\n<div class=\"wp-block-column is-layout-flow wp-block-column-is-layout-flow\">\n<p>Elk jaar organiseert de stad tijdens de zomer een fototentoonstelling in de Bonaparte-tuin. Een openluchtgalerij die dit jaar de werken van Emma B., Felix Isselin en Eric Thibault verwelkomt. De opening van de tentoonstelling vond plaats op 26 juni, in aanwezigheid van Guillaume Decard, plaatsvervangend afgevaardigde voor culturele zaken, departementsraadslid, lid van de gemeenteraad en een publiek dat in voorvertoning het werk van de drie tentoongestelde kunstenaars kwam ontdekken.<\/p>\n\n\n\n<div style=\"height:30px\" aria-hidden=\"true\" class=\"wp-block-spacer\"><\/div>\n\n\n\n<h5 class=\"wp-block-heading\">Een tentoonstelling die voor iedereen toegankelijk is.<\/h5>\n\n\n\n<div style=\"height:30px\" aria-hidden=\"true\" class=\"wp-block-spacer\"><\/div>\n\n\n\n<p>Afgelopen april lanceerde Saint-Rapha\u00ebl een wedstrijd die open stond voor professionele fotografen van de stedelijke gemeenschap Var Est\u00e9rel M\u00e9diterran\u00e9e (CAVEM) met als thema \u201ceen blik op de architectuur en stedenbouw van Saint-Rapha\u00ebl\u201d. Deze wedstrijd is een voortzetting van de verschillende artistieke projecten die de stad in 2015 heeft voorgesteld en die betrekking hebben op het grondgebied en de architectuur. \u2018in deze context wil de gemeente lokale fotografen promoten, door hen uit te nodigen om alle rijkdom en diversiteit van Rapha\u00ebls architecturale erfgoed onder de aandacht te brengen. <\/p>\n<\/div>\n<\/div>\n\n\n\n<p>Zoals Guillaume Decard opmerkt: \u201cDe stad werkt al enkele jaren aan het onder de aandacht brengen van haar erfgoed door middel van verschillende tentoonstellingen. De zeebodem, het Est\u00e9rel-massief, vandaag de dag de architectuur van de stad en haar visuele identiteit. Met Julien Desvigne, (professioneel fotograaf) werkten we aan dit nieuwe thema voor de fotowedstrijd. In de loop van de tijd zullen de onderwerpen evolueren, het is belangrijk om de kunstenaars van ons grondgebied onder de aandacht te brengen en hen deze expressieruimte te kunnen bieden. Het is een bron van trots om deze tentoonstelling te openen voor alle inwoners en toeristen van Rafa\u00ebl die onze stad bezoeken.\u201d Zoals Julien Desvigne opmerkte: \u201cSommige aanvraagdossiers waren erg moeilijk om te beslissen, de algemene kwaliteit was hoog, maar onze drie winnaars vielen op tussen de massa.\u201d<\/p>\n\n\n\n<div style=\"height:30px\" aria-hidden=\"true\" class=\"wp-block-spacer\"><\/div>\n\n\n\n<h5 class=\"wp-block-heading\">Een moment van delen en culturele ontdekking.<\/h5>\n\n\n\n<div style=\"height:30px\" aria-hidden=\"true\" class=\"wp-block-spacer\"><\/div>\n\n\n\n<p>Drie getalenteerde fotografen en evenveel artistieke benaderingen voor wat het oog van de kunstenaar waarneemt of sublimeert als hij de stedelijke ruimte in vraag stelt. Te beginnen met Emma B die foto&rsquo;s in zwart-wit presenteert om het tegenovergestelde beeld van kleur te krijgen en de architecturale lijnen beter naar voren te brengen, terwijl de nadruk ligt op perspectieven en licht. Een wandeling door Saint-Rapha\u00ebl op verschillende momenten van de dag, waarbij het publiek wordt uitgenodigd om de stad door hun ogen te (her)ontdekken. Felix Isselin van zijn kant studeerde architectuur als onderdeel van zijn studie, het thema van de wedstrijd sprak hem meteen aan. De structuur, het detail, de kleur zijn de rode draad. Zijn oog zoekt zuiverheid, lijn, helling, met een verlangen om architectonische verscheidenheid te tonen. Voor Eric Thibault is de stad en haar opening naar de zee een bron van inspiratie. Deze openheid vormt de kern van zijn prestaties. Hij fotografeerde vijf gebouwen met behulp van een lens met een beeldhoek van 180\u00b0 met het idee een weergave te verkrijgen die afwijkt van de perceptie van het menselijk oog. Unieke en verbazingwekkende effecten.<\/p>\n\n\n\n<p>Een tentoonstelling die uitnodigt tot discussie, zoals blijkt uit dit koppel wandelaars: \u201cHet moedigt ons aan om de gefotografeerde plekken te gaan bezoeken! \u00bb, \u201cJa,\u201d voegde deze andere dame toe, \u201cwe kijken bij welk gebouw dit architectonische detail hoort. We leren anders kijken, dat is interessant.\u201d Een tentoonstelling om de nieuwsgierigheid te wekken en de rijkdom aan lokaal talent te ontdekken, tot 30 september in de Jardin Bonaparte!<\/p>\n\n\n\n<div style=\"height:30px\" aria-hidden=\"true\" class=\"wp-block-spacer\"><\/div>\n\n\n\n<h5 class=\"wp-block-heading\">Gerelateerde pagina:<\/h5>\n\n\n\n<p><a href=\"https:\/\/olivierfelixisselin.com\/index.php\/nl\/2024\/01\/07\/tentoonstelling-jardin-bonaparte-saint-raphael-franse-riviera\/\">Tentoonstelling Jardin Bonaparte (Saint Raphael \u2013 Franse Rivi\u00e8ra)<\/a><\/p>\n\n\n\n<div style=\"height:30px\" aria-hidden=\"true\" class=\"wp-block-spacer\"><\/div>\n\n\n\n<hr class=\"wp-block-separator has-text-color has-emperor-color has-alpha-channel-opacity has-emperor-background-color has-background is-style-wide\"\/>\n\n\n\n<div class=\"wp-block-columns is-layout-flex wp-container-core-columns-is-layout-28f84493 wp-block-columns-is-layout-flex\">\n<div class=\"wp-block-column is-layout-flow wp-block-column-is-layout-flow\"><\/div>\n\n\n\n<div class=\"wp-block-column is-layout-flow wp-block-column-is-layout-flow\">\n<div class=\"wp-block-columns is-layout-flex wp-container-core-columns-is-layout-28f84493 wp-block-columns-is-layout-flex\">\n<div class=\"wp-block-column is-layout-flow wp-block-column-is-layout-flow\">\n<figure class=\"wp-block-image size-full is-resized\"><a href=\"https:\/\/www.instagram.com\/felix.isselin\/\"><img loading=\"lazy\" decoding=\"async\" width=\"180\" height=\"180\" src=\"https:\/\/olivierfelixisselin.com\/wp-content\/uploads\/2023\/06\/insta-1.jpg\" alt=\"instagram link Olivier Felix Isselin\" class=\"wp-image-4097\" style=\"object-fit:cover;width:30px;height:30px\" srcset=\"https:\/\/olivierfelixisselin.com\/wp-content\/uploads\/2023\/06\/insta-1.jpg 180w, https:\/\/olivierfelixisselin.com\/wp-content\/uploads\/2023\/06\/insta-1-150x150.jpg 150w\" sizes=\"auto, (max-width: 180px) 100vw, 180px\" \/><\/a><\/figure>\n<\/div>\n\n\n\n<div class=\"wp-block-column is-layout-flow wp-block-column-is-layout-flow\">\n<figure class=\"wp-block-image size-full is-resized\"><img loading=\"lazy\" decoding=\"async\" width=\"180\" height=\"180\" src=\"https:\/\/olivierfelixisselin.com\/wp-content\/uploads\/2023\/06\/logo-fcbk.jpg\" alt=\"Facebook link OFI\" class=\"wp-image-4098\" style=\"object-fit:cover;width:30px;height:30px\" srcset=\"https:\/\/olivierfelixisselin.com\/wp-content\/uploads\/2023\/06\/logo-fcbk.jpg 180w, https:\/\/olivierfelixisselin.com\/wp-content\/uploads\/2023\/06\/logo-fcbk-150x150.jpg 150w\" sizes=\"auto, (max-width: 180px) 100vw, 180px\" \/><\/figure>\n<\/div>\n\n\n\n<div class=\"wp-block-column is-layout-flow wp-block-column-is-layout-flow\">\n<figure class=\"wp-block-image size-full is-resized\"><a href=\"https:\/\/www.linkedin.com\/in\/olivier-felix-isselin-31915b84\/\"><img loading=\"lazy\" decoding=\"async\" width=\"180\" height=\"180\" src=\"https:\/\/olivierfelixisselin.com\/wp-content\/uploads\/2023\/06\/lkdn.jpg\" alt=\"Linkedin OFI\" class=\"wp-image-4099\" style=\"object-fit:cover;width:30px;height:30px\" srcset=\"https:\/\/olivierfelixisselin.com\/wp-content\/uploads\/2023\/06\/lkdn.jpg 180w, https:\/\/olivierfelixisselin.com\/wp-content\/uploads\/2023\/06\/lkdn-150x150.jpg 150w\" sizes=\"auto, (max-width: 180px) 100vw, 180px\" \/><\/a><\/figure>\n<\/div>\n<\/div>\n<\/div>\n\n\n\n<div class=\"wp-block-column is-layout-flow wp-block-column-is-layout-flow\">\n<div class=\"wp-block-columns is-layout-flex wp-container-core-columns-is-layout-28f84493 wp-block-columns-is-layout-flex\">\n<div class=\"wp-block-column is-layout-flow wp-block-column-is-layout-flow\">\n<figure class=\"wp-block-image size-full is-resized\"><a href=\"https:\/\/olivierfelixisselin.com\/index.php\/de\/2023\/12\/27\/fotoausstellung-im-bonaparte-garten-architekturerbe-im-rampenlicht\/\"><img loading=\"lazy\" decoding=\"async\" width=\"43\" height=\"26\" src=\"https:\/\/olivierfelixisselin.com\/wp-content\/uploads\/2023\/06\/flag-de.png\" alt=\"\" class=\"wp-image-4060\" style=\"object-fit:cover;width:38px;height:20px\"\/><\/a><\/figure>\n<\/div>\n\n\n\n<div class=\"wp-block-column is-layout-flow wp-block-column-is-layout-flow\">\n<figure class=\"wp-block-image size-full is-resized\"><a href=\"https:\/\/olivierfelixisselin.com\/index.php\/2023\/05\/27\/expo-photos-saint-raphael\/\"><img loading=\"lazy\" decoding=\"async\" width=\"50\" height=\"26\" src=\"https:\/\/olivierfelixisselin.com\/wp-content\/uploads\/2023\/06\/france.png\" alt=\"\" class=\"wp-image-4062\" style=\"object-fit:cover;width:38px;height:20px\"\/><\/a><\/figure>\n<\/div>\n\n\n\n<div class=\"wp-block-column is-layout-flow wp-block-column-is-layout-flow\">\n<figure class=\"wp-block-image size-full is-resized\"><a href=\"https:\/\/olivierfelixisselin.com\/index.php\/en\/2023\/06\/23\/photo-exhibition-at-the-bonaparte-garden-architectural-heritage-in-the-spotlight\/\"><img loading=\"lazy\" decoding=\"async\" width=\"50\" height=\"26\" src=\"https:\/\/olivierfelixisselin.com\/wp-content\/uploads\/2023\/06\/UK.png\" alt=\"\" class=\"wp-image-4063\" style=\"object-fit:cover;width:38px;height:20px\"\/><\/a><\/figure>\n<\/div>\n<\/div>\n<\/div>\n<\/div>\n","protected":false},"excerpt":{"rendered":"<p>fotowedstrijd \u201cEen blik op de architectuur en stedenbouw van Saint-Rapha\u00ebl\u201d \u2013 Tentoonstelling van de winnaars. [&hellip;]<\/p>\n","protected":false},"author":1,"featured_media":0,"comment_status":"open","ping_status":"open","sticky":false,"template":"","format":"standard","meta":{"footnotes":""},"categories":[343,349],"tags":[],"class_list":["post-4273","post","type-post","status-publish","format-standard","hentry","category-persartikelen","category-varia"],"yoast_head":"<!-- This site is optimized with the Yoast SEO plugin v27.5 - https:\/\/yoast.com\/product\/yoast-seo-wordpress\/ -->\n<title>Fototentoonstelling in de Bonaparte-tuin: architectonisch erfgoed<\/title>\n<meta name=\"description\" content=\"OFI-archieven - fotowedstrijd &quot;Een blik op de architectuur en stedenbouw van Saint-Rapha\u00ebl&quot; - Tentoonstelling van de winnaars.\" \/>\n<meta name=\"robots\" content=\"index, follow, max-snippet:-1, max-image-preview:large, max-video-preview:-1\" \/>\n<link rel=\"canonical\" href=\"https:\/\/olivierfelixisselin.com\/index.php\/nl\/2024\/01\/08\/fototentoonstelling-in-de-bonapartetuin-bouwkundig-erfgoed-in-de-kijker\/\" \/>\n<meta property=\"og:locale\" content=\"fr_FR\" \/>\n<meta property=\"og:type\" content=\"article\" \/>\n<meta property=\"og:title\" content=\"Fototentoonstelling in de Bonaparte-tuin: architectonisch erfgoed\" \/>\n<meta property=\"og:description\" content=\"OFI-archieven - fotowedstrijd &quot;Een blik op de architectuur en stedenbouw van Saint-Rapha\u00ebl&quot; - Tentoonstelling van de winnaars.\" \/>\n<meta property=\"og:url\" content=\"https:\/\/olivierfelixisselin.com\/index.php\/nl\/2024\/01\/08\/fototentoonstelling-in-de-bonapartetuin-bouwkundig-erfgoed-in-de-kijker\/\" \/>\n<meta property=\"og:site_name\" content=\"Olivier Felix Isselin\" \/>\n<meta property=\"article:publisher\" content=\"https:\/\/www.facebook.com\/FelixIsselin\" \/>\n<meta property=\"article:author\" content=\"https:\/\/www.facebook.com\/FelixIsselin\/\" \/>\n<meta property=\"article:published_time\" content=\"2024-01-08T09:10:55+00:00\" \/>\n<meta property=\"article:modified_time\" content=\"2024-01-08T09:12:23+00:00\" \/>\n<meta property=\"og:image\" content=\"https:\/\/olivierfelixisselin.com\/wp-content\/uploads\/2023\/05\/Capture-decran-2023-05-27-a-11.20.23-579x1024.png\" \/>\n<meta name=\"author\" content=\"admin1037\" \/>\n<meta name=\"twitter:card\" content=\"summary_large_image\" \/>\n<meta name=\"twitter:creator\" content=\"@FelixISSELIN\" \/>\n<meta name=\"twitter:site\" content=\"@FelixISSELIN\" \/>\n<meta name=\"twitter:label1\" content=\"\u00c9crit par\" \/>\n\t<meta name=\"twitter:data1\" content=\"admin1037\" \/>\n\t<meta name=\"twitter:label2\" content=\"Dur\u00e9e de lecture estim\u00e9e\" \/>\n\t<meta name=\"twitter:data2\" content=\"5 minutes\" \/>\n<script type=\"application\/ld+json\" class=\"yoast-schema-graph\">{\"@context\":\"https:\\\/\\\/schema.org\",\"@graph\":[{\"@type\":\"Article\",\"@id\":\"https:\\\/\\\/olivierfelixisselin.com\\\/index.php\\\/nl\\\/2024\\\/01\\\/08\\\/fototentoonstelling-in-de-bonapartetuin-bouwkundig-erfgoed-in-de-kijker\\\/#article\",\"isPartOf\":{\"@id\":\"https:\\\/\\\/olivierfelixisselin.com\\\/index.php\\\/nl\\\/2024\\\/01\\\/08\\\/fototentoonstelling-in-de-bonapartetuin-bouwkundig-erfgoed-in-de-kijker\\\/\"},\"author\":{\"name\":\"admin1037\",\"@id\":\"https:\\\/\\\/olivierfelixisselin.com\\\/#\\\/schema\\\/person\\\/7722c1cf90d811c75e665a92b208ab0a\"},\"headline\":\"Fototentoonstelling in de Bonapartetuin: Bouwkundig erfgoed in de kijker\",\"datePublished\":\"2024-01-08T09:10:55+00:00\",\"dateModified\":\"2024-01-08T09:12:23+00:00\",\"mainEntityOfPage\":{\"@id\":\"https:\\\/\\\/olivierfelixisselin.com\\\/index.php\\\/nl\\\/2024\\\/01\\\/08\\\/fototentoonstelling-in-de-bonapartetuin-bouwkundig-erfgoed-in-de-kijker\\\/\"},\"wordCount\":607,\"commentCount\":0,\"publisher\":{\"@id\":\"https:\\\/\\\/olivierfelixisselin.com\\\/#organization\"},\"image\":{\"@id\":\"https:\\\/\\\/olivierfelixisselin.com\\\/index.php\\\/nl\\\/2024\\\/01\\\/08\\\/fototentoonstelling-in-de-bonapartetuin-bouwkundig-erfgoed-in-de-kijker\\\/#primaryimage\"},\"thumbnailUrl\":\"https:\\\/\\\/olivierfelixisselin.com\\\/wp-content\\\/uploads\\\/2023\\\/05\\\/Capture-decran-2023-05-27-a-11.20.23-579x1024.png\",\"articleSection\":[\"Persartikelen\",\"Varia\"],\"inLanguage\":\"fr-FR\",\"potentialAction\":[{\"@type\":\"CommentAction\",\"name\":\"Comment\",\"target\":[\"https:\\\/\\\/olivierfelixisselin.com\\\/index.php\\\/nl\\\/2024\\\/01\\\/08\\\/fototentoonstelling-in-de-bonapartetuin-bouwkundig-erfgoed-in-de-kijker\\\/#respond\"]}]},{\"@type\":\"WebPage\",\"@id\":\"https:\\\/\\\/olivierfelixisselin.com\\\/index.php\\\/nl\\\/2024\\\/01\\\/08\\\/fototentoonstelling-in-de-bonapartetuin-bouwkundig-erfgoed-in-de-kijker\\\/\",\"url\":\"https:\\\/\\\/olivierfelixisselin.com\\\/index.php\\\/nl\\\/2024\\\/01\\\/08\\\/fototentoonstelling-in-de-bonapartetuin-bouwkundig-erfgoed-in-de-kijker\\\/\",\"name\":\"Fototentoonstelling in de Bonaparte-tuin: architectonisch erfgoed\",\"isPartOf\":{\"@id\":\"https:\\\/\\\/olivierfelixisselin.com\\\/#website\"},\"primaryImageOfPage\":{\"@id\":\"https:\\\/\\\/olivierfelixisselin.com\\\/index.php\\\/nl\\\/2024\\\/01\\\/08\\\/fototentoonstelling-in-de-bonapartetuin-bouwkundig-erfgoed-in-de-kijker\\\/#primaryimage\"},\"image\":{\"@id\":\"https:\\\/\\\/olivierfelixisselin.com\\\/index.php\\\/nl\\\/2024\\\/01\\\/08\\\/fototentoonstelling-in-de-bonapartetuin-bouwkundig-erfgoed-in-de-kijker\\\/#primaryimage\"},\"thumbnailUrl\":\"https:\\\/\\\/olivierfelixisselin.com\\\/wp-content\\\/uploads\\\/2023\\\/05\\\/Capture-decran-2023-05-27-a-11.20.23-579x1024.png\",\"datePublished\":\"2024-01-08T09:10:55+00:00\",\"dateModified\":\"2024-01-08T09:12:23+00:00\",\"description\":\"OFI-archieven - fotowedstrijd \\\"Een blik op de architectuur en stedenbouw van Saint-Rapha\u00ebl\\\" - Tentoonstelling van de winnaars.\",\"breadcrumb\":{\"@id\":\"https:\\\/\\\/olivierfelixisselin.com\\\/index.php\\\/nl\\\/2024\\\/01\\\/08\\\/fototentoonstelling-in-de-bonapartetuin-bouwkundig-erfgoed-in-de-kijker\\\/#breadcrumb\"},\"inLanguage\":\"fr-FR\",\"potentialAction\":[{\"@type\":\"ReadAction\",\"target\":[\"https:\\\/\\\/olivierfelixisselin.com\\\/index.php\\\/nl\\\/2024\\\/01\\\/08\\\/fototentoonstelling-in-de-bonapartetuin-bouwkundig-erfgoed-in-de-kijker\\\/\"]}]},{\"@type\":\"ImageObject\",\"inLanguage\":\"fr-FR\",\"@id\":\"https:\\\/\\\/olivierfelixisselin.com\\\/index.php\\\/nl\\\/2024\\\/01\\\/08\\\/fototentoonstelling-in-de-bonapartetuin-bouwkundig-erfgoed-in-de-kijker\\\/#primaryimage\",\"url\":\"https:\\\/\\\/olivierfelixisselin.com\\\/wp-content\\\/uploads\\\/2023\\\/05\\\/Capture-decran-2023-05-27-a-11.20.23.png\",\"contentUrl\":\"https:\\\/\\\/olivierfelixisselin.com\\\/wp-content\\\/uploads\\\/2023\\\/05\\\/Capture-decran-2023-05-27-a-11.20.23.png\",\"width\":1068,\"height\":1888,\"caption\":\"article presse - exposition photographies - ville De Saint-Rapha\u00ebl\"},{\"@type\":\"BreadcrumbList\",\"@id\":\"https:\\\/\\\/olivierfelixisselin.com\\\/index.php\\\/nl\\\/2024\\\/01\\\/08\\\/fototentoonstelling-in-de-bonapartetuin-bouwkundig-erfgoed-in-de-kijker\\\/#breadcrumb\",\"itemListElement\":[{\"@type\":\"ListItem\",\"position\":1,\"name\":\"Accueil\",\"item\":\"https:\\\/\\\/olivierfelixisselin.com\\\/\"},{\"@type\":\"ListItem\",\"position\":2,\"name\":\"Fototentoonstelling in de Bonapartetuin: Bouwkundig erfgoed in de kijker\"}]},{\"@type\":\"WebSite\",\"@id\":\"https:\\\/\\\/olivierfelixisselin.com\\\/#website\",\"url\":\"https:\\\/\\\/olivierfelixisselin.com\\\/\",\"name\":\"Olivier Felix Isselin\",\"description\":\"- - -\",\"publisher\":{\"@id\":\"https:\\\/\\\/olivierfelixisselin.com\\\/#organization\"},\"alternateName\":\"OFI\",\"potentialAction\":[{\"@type\":\"SearchAction\",\"target\":{\"@type\":\"EntryPoint\",\"urlTemplate\":\"https:\\\/\\\/olivierfelixisselin.com\\\/?s={search_term_string}\"},\"query-input\":{\"@type\":\"PropertyValueSpecification\",\"valueRequired\":true,\"valueName\":\"search_term_string\"}}],\"inLanguage\":\"fr-FR\"},{\"@type\":\"Organization\",\"@id\":\"https:\\\/\\\/olivierfelixisselin.com\\\/#organization\",\"name\":\"Olivier Felix Isselin\",\"alternateName\":\"OFI\",\"url\":\"https:\\\/\\\/olivierfelixisselin.com\\\/\",\"logo\":{\"@type\":\"ImageObject\",\"inLanguage\":\"fr-FR\",\"@id\":\"https:\\\/\\\/olivierfelixisselin.com\\\/#\\\/schema\\\/logo\\\/image\\\/\",\"url\":\"https:\\\/\\\/olivierfelixisselin.com\\\/wp-content\\\/uploads\\\/2023\\\/05\\\/cropped-cropped-logo-fourmiliere-ikb.png\",\"contentUrl\":\"https:\\\/\\\/olivierfelixisselin.com\\\/wp-content\\\/uploads\\\/2023\\\/05\\\/cropped-cropped-logo-fourmiliere-ikb.png\",\"width\":512,\"height\":512,\"caption\":\"Olivier Felix Isselin\"},\"image\":{\"@id\":\"https:\\\/\\\/olivierfelixisselin.com\\\/#\\\/schema\\\/logo\\\/image\\\/\"},\"sameAs\":[\"https:\\\/\\\/www.facebook.com\\\/FelixIsselin\",\"https:\\\/\\\/x.com\\\/FelixISSELIN\",\"https:\\\/\\\/www.instagram.com\\\/felix.isselin\\\/\",\"https:\\\/\\\/www.linkedin.com\\\/in\\\/olivier-felix-isselin-31915b84\\\/\"]},{\"@type\":\"Person\",\"@id\":\"https:\\\/\\\/olivierfelixisselin.com\\\/#\\\/schema\\\/person\\\/7722c1cf90d811c75e665a92b208ab0a\",\"name\":\"admin1037\",\"image\":{\"@type\":\"ImageObject\",\"inLanguage\":\"fr-FR\",\"@id\":\"https:\\\/\\\/secure.gravatar.com\\\/avatar\\\/b2b592ff1e7ac9296f7d27f28579b35a568e15c7a7e79a5f45cdef82ead38e2c?s=96&d=robohash&r=g\",\"url\":\"https:\\\/\\\/secure.gravatar.com\\\/avatar\\\/b2b592ff1e7ac9296f7d27f28579b35a568e15c7a7e79a5f45cdef82ead38e2c?s=96&d=robohash&r=g\",\"contentUrl\":\"https:\\\/\\\/secure.gravatar.com\\\/avatar\\\/b2b592ff1e7ac9296f7d27f28579b35a568e15c7a7e79a5f45cdef82ead38e2c?s=96&d=robohash&r=g\",\"caption\":\"admin1037\"},\"sameAs\":[\"http:\\\/\\\/olivierfelixisselin.com\",\"https:\\\/\\\/www.facebook.com\\\/FelixIsselin\\\/\",\"https:\\\/\\\/www.instagram.com\\\/felix.isselin\\\/\",\"https:\\\/\\\/www.linkedin.com\\\/in\\\/olivier-felix-isselin-31915b84\\\/\"],\"url\":\"https:\\\/\\\/olivierfelixisselin.com\\\/index.php\\\/author\\\/admin1037\\\/\"}]}<\/script>\n<!-- \/ Yoast SEO plugin. -->","yoast_head_json":{"title":"Fototentoonstelling in de Bonaparte-tuin: architectonisch erfgoed","description":"OFI-archieven - fotowedstrijd \"Een blik op de architectuur en stedenbouw van Saint-Rapha\u00ebl\" - Tentoonstelling van de winnaars.","robots":{"index":"index","follow":"follow","max-snippet":"max-snippet:-1","max-image-preview":"max-image-preview:large","max-video-preview":"max-video-preview:-1"},"canonical":"https:\/\/olivierfelixisselin.com\/index.php\/nl\/2024\/01\/08\/fototentoonstelling-in-de-bonapartetuin-bouwkundig-erfgoed-in-de-kijker\/","og_locale":"fr_FR","og_type":"article","og_title":"Fototentoonstelling in de Bonaparte-tuin: architectonisch erfgoed","og_description":"OFI-archieven - fotowedstrijd \"Een blik op de architectuur en stedenbouw van Saint-Rapha\u00ebl\" - Tentoonstelling van de winnaars.","og_url":"https:\/\/olivierfelixisselin.com\/index.php\/nl\/2024\/01\/08\/fototentoonstelling-in-de-bonapartetuin-bouwkundig-erfgoed-in-de-kijker\/","og_site_name":"Olivier Felix Isselin","article_publisher":"https:\/\/www.facebook.com\/FelixIsselin","article_author":"https:\/\/www.facebook.com\/FelixIsselin\/","article_published_time":"2024-01-08T09:10:55+00:00","article_modified_time":"2024-01-08T09:12:23+00:00","og_image":[{"url":"https:\/\/olivierfelixisselin.com\/wp-content\/uploads\/2023\/05\/Capture-decran-2023-05-27-a-11.20.23-579x1024.png","type":"","width":"","height":""}],"author":"admin1037","twitter_card":"summary_large_image","twitter_creator":"@FelixISSELIN","twitter_site":"@FelixISSELIN","twitter_misc":{"\u00c9crit par":"admin1037","Dur\u00e9e de lecture estim\u00e9e":"5 minutes"},"schema":{"@context":"https:\/\/schema.org","@graph":[{"@type":"Article","@id":"https:\/\/olivierfelixisselin.com\/index.php\/nl\/2024\/01\/08\/fototentoonstelling-in-de-bonapartetuin-bouwkundig-erfgoed-in-de-kijker\/#article","isPartOf":{"@id":"https:\/\/olivierfelixisselin.com\/index.php\/nl\/2024\/01\/08\/fototentoonstelling-in-de-bonapartetuin-bouwkundig-erfgoed-in-de-kijker\/"},"author":{"name":"admin1037","@id":"https:\/\/olivierfelixisselin.com\/#\/schema\/person\/7722c1cf90d811c75e665a92b208ab0a"},"headline":"Fototentoonstelling in de Bonapartetuin: Bouwkundig erfgoed in de kijker","datePublished":"2024-01-08T09:10:55+00:00","dateModified":"2024-01-08T09:12:23+00:00","mainEntityOfPage":{"@id":"https:\/\/olivierfelixisselin.com\/index.php\/nl\/2024\/01\/08\/fototentoonstelling-in-de-bonapartetuin-bouwkundig-erfgoed-in-de-kijker\/"},"wordCount":607,"commentCount":0,"publisher":{"@id":"https:\/\/olivierfelixisselin.com\/#organization"},"image":{"@id":"https:\/\/olivierfelixisselin.com\/index.php\/nl\/2024\/01\/08\/fototentoonstelling-in-de-bonapartetuin-bouwkundig-erfgoed-in-de-kijker\/#primaryimage"},"thumbnailUrl":"https:\/\/olivierfelixisselin.com\/wp-content\/uploads\/2023\/05\/Capture-decran-2023-05-27-a-11.20.23-579x1024.png","articleSection":["Persartikelen","Varia"],"inLanguage":"fr-FR","potentialAction":[{"@type":"CommentAction","name":"Comment","target":["https:\/\/olivierfelixisselin.com\/index.php\/nl\/2024\/01\/08\/fototentoonstelling-in-de-bonapartetuin-bouwkundig-erfgoed-in-de-kijker\/#respond"]}]},{"@type":"WebPage","@id":"https:\/\/olivierfelixisselin.com\/index.php\/nl\/2024\/01\/08\/fototentoonstelling-in-de-bonapartetuin-bouwkundig-erfgoed-in-de-kijker\/","url":"https:\/\/olivierfelixisselin.com\/index.php\/nl\/2024\/01\/08\/fototentoonstelling-in-de-bonapartetuin-bouwkundig-erfgoed-in-de-kijker\/","name":"Fototentoonstelling in de Bonaparte-tuin: architectonisch erfgoed","isPartOf":{"@id":"https:\/\/olivierfelixisselin.com\/#website"},"primaryImageOfPage":{"@id":"https:\/\/olivierfelixisselin.com\/index.php\/nl\/2024\/01\/08\/fototentoonstelling-in-de-bonapartetuin-bouwkundig-erfgoed-in-de-kijker\/#primaryimage"},"image":{"@id":"https:\/\/olivierfelixisselin.com\/index.php\/nl\/2024\/01\/08\/fototentoonstelling-in-de-bonapartetuin-bouwkundig-erfgoed-in-de-kijker\/#primaryimage"},"thumbnailUrl":"https:\/\/olivierfelixisselin.com\/wp-content\/uploads\/2023\/05\/Capture-decran-2023-05-27-a-11.20.23-579x1024.png","datePublished":"2024-01-08T09:10:55+00:00","dateModified":"2024-01-08T09:12:23+00:00","description":"OFI-archieven - fotowedstrijd \"Een blik op de architectuur en stedenbouw van Saint-Rapha\u00ebl\" - Tentoonstelling van de winnaars.","breadcrumb":{"@id":"https:\/\/olivierfelixisselin.com\/index.php\/nl\/2024\/01\/08\/fototentoonstelling-in-de-bonapartetuin-bouwkundig-erfgoed-in-de-kijker\/#breadcrumb"},"inLanguage":"fr-FR","potentialAction":[{"@type":"ReadAction","target":["https:\/\/olivierfelixisselin.com\/index.php\/nl\/2024\/01\/08\/fototentoonstelling-in-de-bonapartetuin-bouwkundig-erfgoed-in-de-kijker\/"]}]},{"@type":"ImageObject","inLanguage":"fr-FR","@id":"https:\/\/olivierfelixisselin.com\/index.php\/nl\/2024\/01\/08\/fototentoonstelling-in-de-bonapartetuin-bouwkundig-erfgoed-in-de-kijker\/#primaryimage","url":"https:\/\/olivierfelixisselin.com\/wp-content\/uploads\/2023\/05\/Capture-decran-2023-05-27-a-11.20.23.png","contentUrl":"https:\/\/olivierfelixisselin.com\/wp-content\/uploads\/2023\/05\/Capture-decran-2023-05-27-a-11.20.23.png","width":1068,"height":1888,"caption":"article presse - exposition photographies - ville De Saint-Rapha\u00ebl"},{"@type":"BreadcrumbList","@id":"https:\/\/olivierfelixisselin.com\/index.php\/nl\/2024\/01\/08\/fototentoonstelling-in-de-bonapartetuin-bouwkundig-erfgoed-in-de-kijker\/#breadcrumb","itemListElement":[{"@type":"ListItem","position":1,"name":"Accueil","item":"https:\/\/olivierfelixisselin.com\/"},{"@type":"ListItem","position":2,"name":"Fototentoonstelling in de Bonapartetuin: Bouwkundig erfgoed in de kijker"}]},{"@type":"WebSite","@id":"https:\/\/olivierfelixisselin.com\/#website","url":"https:\/\/olivierfelixisselin.com\/","name":"Olivier Felix Isselin","description":"- - -","publisher":{"@id":"https:\/\/olivierfelixisselin.com\/#organization"},"alternateName":"OFI","potentialAction":[{"@type":"SearchAction","target":{"@type":"EntryPoint","urlTemplate":"https:\/\/olivierfelixisselin.com\/?s={search_term_string}"},"query-input":{"@type":"PropertyValueSpecification","valueRequired":true,"valueName":"search_term_string"}}],"inLanguage":"fr-FR"},{"@type":"Organization","@id":"https:\/\/olivierfelixisselin.com\/#organization","name":"Olivier Felix Isselin","alternateName":"OFI","url":"https:\/\/olivierfelixisselin.com\/","logo":{"@type":"ImageObject","inLanguage":"fr-FR","@id":"https:\/\/olivierfelixisselin.com\/#\/schema\/logo\/image\/","url":"https:\/\/olivierfelixisselin.com\/wp-content\/uploads\/2023\/05\/cropped-cropped-logo-fourmiliere-ikb.png","contentUrl":"https:\/\/olivierfelixisselin.com\/wp-content\/uploads\/2023\/05\/cropped-cropped-logo-fourmiliere-ikb.png","width":512,"height":512,"caption":"Olivier Felix Isselin"},"image":{"@id":"https:\/\/olivierfelixisselin.com\/#\/schema\/logo\/image\/"},"sameAs":["https:\/\/www.facebook.com\/FelixIsselin","https:\/\/x.com\/FelixISSELIN","https:\/\/www.instagram.com\/felix.isselin\/","https:\/\/www.linkedin.com\/in\/olivier-felix-isselin-31915b84\/"]},{"@type":"Person","@id":"https:\/\/olivierfelixisselin.com\/#\/schema\/person\/7722c1cf90d811c75e665a92b208ab0a","name":"admin1037","image":{"@type":"ImageObject","inLanguage":"fr-FR","@id":"https:\/\/secure.gravatar.com\/avatar\/b2b592ff1e7ac9296f7d27f28579b35a568e15c7a7e79a5f45cdef82ead38e2c?s=96&d=robohash&r=g","url":"https:\/\/secure.gravatar.com\/avatar\/b2b592ff1e7ac9296f7d27f28579b35a568e15c7a7e79a5f45cdef82ead38e2c?s=96&d=robohash&r=g","contentUrl":"https:\/\/secure.gravatar.com\/avatar\/b2b592ff1e7ac9296f7d27f28579b35a568e15c7a7e79a5f45cdef82ead38e2c?s=96&d=robohash&r=g","caption":"admin1037"},"sameAs":["http:\/\/olivierfelixisselin.com","https:\/\/www.facebook.com\/FelixIsselin\/","https:\/\/www.instagram.com\/felix.isselin\/","https:\/\/www.linkedin.com\/in\/olivier-felix-isselin-31915b84\/"],"url":"https:\/\/olivierfelixisselin.com\/index.php\/author\/admin1037\/"}]}},"_links":{"self":[{"href":"https:\/\/olivierfelixisselin.com\/index.php\/wp-json\/wp\/v2\/posts\/4273","targetHints":{"allow":["GET"]}}],"collection":[{"href":"https:\/\/olivierfelixisselin.com\/index.php\/wp-json\/wp\/v2\/posts"}],"about":[{"href":"https:\/\/olivierfelixisselin.com\/index.php\/wp-json\/wp\/v2\/types\/post"}],"author":[{"embeddable":true,"href":"https:\/\/olivierfelixisselin.com\/index.php\/wp-json\/wp\/v2\/users\/1"}],"replies":[{"embeddable":true,"href":"https:\/\/olivierfelixisselin.com\/index.php\/wp-json\/wp\/v2\/comments?post=4273"}],"version-history":[{"count":2,"href":"https:\/\/olivierfelixisselin.com\/index.php\/wp-json\/wp\/v2\/posts\/4273\/revisions"}],"predecessor-version":[{"id":4275,"href":"https:\/\/olivierfelixisselin.com\/index.php\/wp-json\/wp\/v2\/posts\/4273\/revisions\/4275"}],"wp:attachment":[{"href":"https:\/\/olivierfelixisselin.com\/index.php\/wp-json\/wp\/v2\/media?parent=4273"}],"wp:term":[{"taxonomy":"category","embeddable":true,"href":"https:\/\/olivierfelixisselin.com\/index.php\/wp-json\/wp\/v2\/categories?post=4273"},{"taxonomy":"post_tag","embeddable":true,"href":"https:\/\/olivierfelixisselin.com\/index.php\/wp-json\/wp\/v2\/tags?post=4273"}],"curies":[{"name":"wp","href":"https:\/\/api.w.org\/{rel}","templated":true}]}}