{"id":4006,"date":"2024-01-04T16:26:52","date_gmt":"2024-01-04T15:26:52","guid":{"rendered":"https:\/\/olivierfelixisselin.com\/?p=4006"},"modified":"2024-01-04T16:27:37","modified_gmt":"2024-01-04T15:27:37","slug":"francoski-oblikovalec-olivier-felix-isselin-je-prejel-japonsko-nagrado","status":"publish","type":"post","link":"https:\/\/olivierfelixisselin.com\/index.php\/sl\/2024\/01\/04\/francoski-oblikovalec-olivier-felix-isselin-je-prejel-japonsko-nagrado\/","title":{"rendered":"Francoski oblikovalec Olivier Felix Isselin je prejel japonsko nagrado"},"content":{"rendered":"\n<p>\u6cd5\u56fd\u8bbe\u8ba1\u5e08Olivier Felix Isselin\u83b7\u65e5\u672c\u56fd<\/p>\n\n\n\n<p>\u9645\u5148\u950b\u8bbe\u8ba1\u5927\u5956IDPA\u94f6\u5956<\/p>\n\n\n\n<p>pregled tiska \/ \u010dlanek objavljen 2023-09-13 \u2013 KITAJSKA<\/p>\n\n\n\n<div class=\"wp-block-columns is-layout-flex wp-container-core-columns-is-layout-28f84493 wp-block-columns-is-layout-flex\">\n<div class=\"wp-block-column is-layout-flow wp-block-column-is-layout-flow\">\n<p>Japan International Design Pioneer Award je 18. julija 2023 organizirala veliko podelitev nagrad v Tokiu na Japonskem. Objavljeno je bilo, da je delo Olivierja Felixa Isselina Space Oddity prejelo srebrno nagrado v kategoriji oblikovanja izdelkov IDPA 2023. Njegov dizajn je izbrala skupina znanih japonskih oblikovalcev. Mednarodni recenzenti so bili priznani in izbrani izmed tiso\u010dih prijavljenih z vsega sveta.<\/p>\n\n\n\n<p>O Space Oddity | BREZ\u010cASNI SPA<br>Olivier F\u00e9lix Isselin, ustanovitelj zmagovalnega projekta Space Oddity, je povedal: \u00bbNa\u0161 cilj je bil ustvariti neskon\u010dno spa napravo z zelo prepoznavnim dizajnom, ki izkori\u0161\u010da gravitacijo kot skulptura. Njegova elegantna silhueta, zaobljeni robovi in oblika, podobna kapsuli, mu dajejo lahek in prijeten videz: prefinjen videz vesoljske dobe, ki spominja na dobo svobode in brezskrbnosti \u2026 Da bi dosegli ta videz, je morala biti oprema za spa v celoti izdelana iz nerjave\u010dega jekla za pomorsko uporabo. jeklo. Ta material ima estetske, higienske in ekolo\u0161ke lastnosti, saj ga je mogo\u010de 100 % reciklirati, ima nevtralen vpliv na okolje in mu ni para v smislu trajnosti.<\/p>\n\n\n\n<p>Nazadnje, njegova estetika ne ogro\u017ea udobja uporabnika, z ergonomskim sede\u017eem, mehkimi notranjimi povr\u0161inami in mo\u017enostjo dodajanja \u0161ob in puhal na zahtevo. Izbira \u00ab\u00a0mre\u017e\u00a0\u00bb (oblik in materialov) in mo\u017enosti, kot je barva rezervoarja za vodo, naredijo vsako Space Oddity edinstveno.\u00a0\u00bb<\/p>\n<\/div>\n\n\n\n<div class=\"wp-block-column is-layout-flow wp-block-column-is-layout-flow\"><div class=\"wp-block-image\">\n<figure class=\"aligncenter size-large\"><img loading=\"lazy\" decoding=\"async\" width=\"233\" height=\"1024\" src=\"https:\/\/olivierfelixisselin.com\/wp-content\/uploads\/2023\/09\/Capture-decran-2023-09-26-a-12.12.27-233x1024.png\" alt=\"\" class=\"wp-image-2471\" srcset=\"https:\/\/olivierfelixisselin.com\/wp-content\/uploads\/2023\/09\/Capture-decran-2023-09-26-a-12.12.27-233x1024.png 233w, https:\/\/olivierfelixisselin.com\/wp-content\/uploads\/2023\/09\/Capture-decran-2023-09-26-a-12.12.27-68x300.png 68w, https:\/\/olivierfelixisselin.com\/wp-content\/uploads\/2023\/09\/Capture-decran-2023-09-26-a-12.12.27-350x1536.png 350w\" sizes=\"auto, (max-width: 233px) 100vw, 233px\" \/><\/figure>\n<\/div><\/div>\n<\/div>\n\n\n\n<hr class=\"wp-block-separator has-text-color has-emperor-color has-alpha-channel-opacity has-emperor-background-color has-background is-style-wide\"\/>\n\n\n\n<div class=\"wp-block-columns is-layout-flex wp-container-core-columns-is-layout-28f84493 wp-block-columns-is-layout-flex\">\n<div class=\"wp-block-column is-layout-flow wp-block-column-is-layout-flow\"><\/div>\n\n\n\n<div class=\"wp-block-column is-layout-flow wp-block-column-is-layout-flow\">\n<div class=\"wp-block-columns is-layout-flex wp-container-core-columns-is-layout-28f84493 wp-block-columns-is-layout-flex\">\n<div class=\"wp-block-column is-layout-flow wp-block-column-is-layout-flow\">\n<figure class=\"wp-block-image size-full is-resized\"><a href=\"https:\/\/www.instagram.com\/felix.isselin\/\"><img loading=\"lazy\" decoding=\"async\" width=\"180\" height=\"180\" src=\"https:\/\/olivierfelixisselin.com\/wp-content\/uploads\/2023\/06\/insta-1.jpg\" alt=\"link instagram\" class=\"wp-image-1962\" style=\"object-fit:cover;width:30px;height:30px\" srcset=\"https:\/\/olivierfelixisselin.com\/wp-content\/uploads\/2023\/06\/insta-1.jpg 180w, https:\/\/olivierfelixisselin.com\/wp-content\/uploads\/2023\/06\/insta-1-150x150.jpg 150w\" sizes=\"auto, (max-width: 180px) 100vw, 180px\" \/><\/a><\/figure>\n<\/div>\n\n\n\n<div class=\"wp-block-column is-layout-flow wp-block-column-is-layout-flow\">\n<figure class=\"wp-block-image size-full is-resized\"><a href=\"https:\/\/www.facebook.com\/FelixIsselin\/\"><img loading=\"lazy\" decoding=\"async\" width=\"180\" height=\"180\" src=\"https:\/\/olivierfelixisselin.com\/wp-content\/uploads\/2023\/06\/logo-fcbk.jpg\" alt=\"\" class=\"wp-image-1963\" style=\"object-fit:cover;width:30px;height:30px\" srcset=\"https:\/\/olivierfelixisselin.com\/wp-content\/uploads\/2023\/06\/logo-fcbk.jpg 180w, https:\/\/olivierfelixisselin.com\/wp-content\/uploads\/2023\/06\/logo-fcbk-150x150.jpg 150w\" sizes=\"auto, (max-width: 180px) 100vw, 180px\" \/><\/a><\/figure>\n<\/div>\n\n\n\n<div class=\"wp-block-column is-layout-flow wp-block-column-is-layout-flow\">\n<figure class=\"wp-block-image size-full is-resized\"><a href=\"https:\/\/www.linkedin.com\/in\/olivier-felix-isselin-31915b84\/\"><img loading=\"lazy\" decoding=\"async\" width=\"180\" height=\"180\" src=\"https:\/\/olivierfelixisselin.com\/wp-content\/uploads\/2023\/06\/lkdn.jpg\" alt=\"\" class=\"wp-image-1964\" style=\"object-fit:cover;width:30px;height:30px\" srcset=\"https:\/\/olivierfelixisselin.com\/wp-content\/uploads\/2023\/06\/lkdn.jpg 180w, https:\/\/olivierfelixisselin.com\/wp-content\/uploads\/2023\/06\/lkdn-150x150.jpg 150w\" sizes=\"auto, (max-width: 180px) 100vw, 180px\" \/><\/a><\/figure>\n<\/div>\n<\/div>\n<\/div>\n\n\n\n<div class=\"wp-block-column is-layout-flow wp-block-column-is-layout-flow\">\n<div class=\"wp-block-columns is-layout-flex wp-container-core-columns-is-layout-28f84493 wp-block-columns-is-layout-flex\">\n<div class=\"wp-block-column is-layout-flow wp-block-column-is-layout-flow\">\n<figure class=\"wp-block-image size-full is-resized\"><a href=\"https:\/\/olivierfelixisselin.com\/index.php\/de\/2023\/12\/28\/der-franzosische-designer-olivier-felix-isselin-gewinnt-japanischen-preis\/\"><img loading=\"lazy\" decoding=\"async\" width=\"43\" height=\"26\" src=\"https:\/\/olivierfelixisselin.com\/wp-content\/uploads\/2023\/06\/flag-de.png\" alt=\"\" class=\"wp-image-3917\" style=\"object-fit:cover;width:38px;height:20px\"\/><\/a><\/figure>\n<\/div>\n\n\n\n<div class=\"wp-block-column is-layout-flow wp-block-column-is-layout-flow\">\n<figure class=\"wp-block-image size-full is-resized\"><a href=\"https:\/\/olivierfelixisselin.com\/index.php\/2023\/09\/26\/le-designer-francais-olivier-felix-isselin-remporte-un-prix-japonais\/\"><img loading=\"lazy\" decoding=\"async\" width=\"50\" height=\"26\" src=\"https:\/\/olivierfelixisselin.com\/wp-content\/uploads\/2023\/06\/france.png\" alt=\"\" class=\"wp-image-1994\" style=\"object-fit:cover;width:38px;height:20px\"\/><\/a><\/figure>\n<\/div>\n\n\n\n<div class=\"wp-block-column is-layout-flow wp-block-column-is-layout-flow\">\n<figure class=\"wp-block-image size-full is-resized\"><a href=\"https:\/\/olivierfelixisselin.com\/index.php\/en\/2023\/09\/26\/french-designer-olivier-felix-isselin-wins-japanese-prize\/\"><img loading=\"lazy\" decoding=\"async\" width=\"50\" height=\"26\" src=\"https:\/\/olivierfelixisselin.com\/wp-content\/uploads\/2023\/06\/UK.png\" alt=\"\" class=\"wp-image-1996\" style=\"object-fit:cover;width:38px;height:20px\"\/><\/a><\/figure>\n<\/div>\n<\/div>\n<\/div>\n<\/div>\n","protected":false},"excerpt":{"rendered":"<p>\u6cd5\u56fd\u8bbe\u8ba1\u5e08Olivier Felix Isselin\u83b7\u65e5\u672c\u56fd \u9645\u5148\u950b\u8bbe\u8ba1\u5927\u5956IDPA\u94f6\u5956 pregled tiska \/ \u010dlanek objavljen 2023-09-13 \u2013 KITAJSKA Japan International Design [&hellip;]<\/p>\n","protected":false},"author":1,"featured_media":0,"comment_status":"open","ping_status":"open","sticky":false,"template":"","format":"standard","meta":{"footnotes":""},"categories":[256],"tags":[],"class_list":["post-4006","post","type-post","status-publish","format-standard","hentry","category-non-classe-sl"],"yoast_head":"<!-- This site is optimized with the Yoast SEO plugin v27.4 - https:\/\/yoast.com\/product\/yoast-seo-wordpress\/ -->\n<title>Francoski oblikovalec Olivier Felix Isselin je prejel japonsko nagrado<\/title>\n<meta name=\"description\" content=\"Nagrada Japan International Design Pioneer Award je 18. julija 2023 organizirala veliko podelitev nagrad v Tokiu na Japonskem.\" \/>\n<meta name=\"robots\" content=\"index, follow, max-snippet:-1, max-image-preview:large, max-video-preview:-1\" \/>\n<link rel=\"canonical\" href=\"https:\/\/olivierfelixisselin.com\/index.php\/sl\/2024\/01\/04\/francoski-oblikovalec-olivier-felix-isselin-je-prejel-japonsko-nagrado\/\" \/>\n<meta property=\"og:locale\" content=\"fr_FR\" \/>\n<meta property=\"og:type\" content=\"article\" \/>\n<meta property=\"og:title\" content=\"Francoski oblikovalec Olivier Felix Isselin je prejel japonsko nagrado\" \/>\n<meta property=\"og:description\" content=\"Nagrada Japan International Design Pioneer Award je 18. julija 2023 organizirala veliko podelitev nagrad v Tokiu na Japonskem.\" \/>\n<meta property=\"og:url\" content=\"https:\/\/olivierfelixisselin.com\/index.php\/sl\/2024\/01\/04\/francoski-oblikovalec-olivier-felix-isselin-je-prejel-japonsko-nagrado\/\" \/>\n<meta property=\"og:site_name\" content=\"Olivier Felix Isselin\" \/>\n<meta property=\"article:publisher\" content=\"https:\/\/www.facebook.com\/FelixIsselin\" \/>\n<meta property=\"article:author\" content=\"https:\/\/www.facebook.com\/FelixIsselin\/\" \/>\n<meta property=\"article:published_time\" content=\"2024-01-04T15:26:52+00:00\" \/>\n<meta property=\"article:modified_time\" content=\"2024-01-04T15:27:37+00:00\" \/>\n<meta property=\"og:image\" content=\"https:\/\/olivierfelixisselin.com\/wp-content\/uploads\/2023\/09\/Capture-decran-2023-09-26-a-12.12.27-233x1024.png\" \/>\n<meta name=\"author\" content=\"admin1037\" \/>\n<meta name=\"twitter:card\" content=\"summary_large_image\" \/>\n<meta name=\"twitter:creator\" content=\"@FelixISSELIN\" \/>\n<meta name=\"twitter:site\" content=\"@FelixISSELIN\" \/>\n<meta name=\"twitter:label1\" content=\"\u00c9crit par\" \/>\n\t<meta name=\"twitter:data1\" content=\"admin1037\" \/>\n\t<meta name=\"twitter:label2\" content=\"Dur\u00e9e de lecture estim\u00e9e\" \/>\n\t<meta name=\"twitter:data2\" content=\"3 minutes\" \/>\n<script type=\"application\/ld+json\" class=\"yoast-schema-graph\">{\"@context\":\"https:\\\/\\\/schema.org\",\"@graph\":[{\"@type\":\"Article\",\"@id\":\"https:\\\/\\\/olivierfelixisselin.com\\\/index.php\\\/sl\\\/2024\\\/01\\\/04\\\/francoski-oblikovalec-olivier-felix-isselin-je-prejel-japonsko-nagrado\\\/#article\",\"isPartOf\":{\"@id\":\"https:\\\/\\\/olivierfelixisselin.com\\\/index.php\\\/sl\\\/2024\\\/01\\\/04\\\/francoski-oblikovalec-olivier-felix-isselin-je-prejel-japonsko-nagrado\\\/\"},\"author\":{\"name\":\"admin1037\",\"@id\":\"https:\\\/\\\/olivierfelixisselin.com\\\/#\\\/schema\\\/person\\\/7722c1cf90d811c75e665a92b208ab0a\"},\"headline\":\"Francoski oblikovalec Olivier Felix Isselin je prejel japonsko nagrado\",\"datePublished\":\"2024-01-04T15:26:52+00:00\",\"dateModified\":\"2024-01-04T15:27:37+00:00\",\"mainEntityOfPage\":{\"@id\":\"https:\\\/\\\/olivierfelixisselin.com\\\/index.php\\\/sl\\\/2024\\\/01\\\/04\\\/francoski-oblikovalec-olivier-felix-isselin-je-prejel-japonsko-nagrado\\\/\"},\"wordCount\":230,\"commentCount\":0,\"publisher\":{\"@id\":\"https:\\\/\\\/olivierfelixisselin.com\\\/#organization\"},\"image\":{\"@id\":\"https:\\\/\\\/olivierfelixisselin.com\\\/index.php\\\/sl\\\/2024\\\/01\\\/04\\\/francoski-oblikovalec-olivier-felix-isselin-je-prejel-japonsko-nagrado\\\/#primaryimage\"},\"thumbnailUrl\":\"https:\\\/\\\/olivierfelixisselin.com\\\/wp-content\\\/uploads\\\/2023\\\/09\\\/Capture-decran-2023-09-26-a-12.12.27-233x1024.png\",\"inLanguage\":\"fr-FR\",\"potentialAction\":[{\"@type\":\"CommentAction\",\"name\":\"Comment\",\"target\":[\"https:\\\/\\\/olivierfelixisselin.com\\\/index.php\\\/sl\\\/2024\\\/01\\\/04\\\/francoski-oblikovalec-olivier-felix-isselin-je-prejel-japonsko-nagrado\\\/#respond\"]}]},{\"@type\":\"WebPage\",\"@id\":\"https:\\\/\\\/olivierfelixisselin.com\\\/index.php\\\/sl\\\/2024\\\/01\\\/04\\\/francoski-oblikovalec-olivier-felix-isselin-je-prejel-japonsko-nagrado\\\/\",\"url\":\"https:\\\/\\\/olivierfelixisselin.com\\\/index.php\\\/sl\\\/2024\\\/01\\\/04\\\/francoski-oblikovalec-olivier-felix-isselin-je-prejel-japonsko-nagrado\\\/\",\"name\":\"Francoski oblikovalec Olivier Felix Isselin je prejel japonsko nagrado\",\"isPartOf\":{\"@id\":\"https:\\\/\\\/olivierfelixisselin.com\\\/#website\"},\"primaryImageOfPage\":{\"@id\":\"https:\\\/\\\/olivierfelixisselin.com\\\/index.php\\\/sl\\\/2024\\\/01\\\/04\\\/francoski-oblikovalec-olivier-felix-isselin-je-prejel-japonsko-nagrado\\\/#primaryimage\"},\"image\":{\"@id\":\"https:\\\/\\\/olivierfelixisselin.com\\\/index.php\\\/sl\\\/2024\\\/01\\\/04\\\/francoski-oblikovalec-olivier-felix-isselin-je-prejel-japonsko-nagrado\\\/#primaryimage\"},\"thumbnailUrl\":\"https:\\\/\\\/olivierfelixisselin.com\\\/wp-content\\\/uploads\\\/2023\\\/09\\\/Capture-decran-2023-09-26-a-12.12.27-233x1024.png\",\"datePublished\":\"2024-01-04T15:26:52+00:00\",\"dateModified\":\"2024-01-04T15:27:37+00:00\",\"description\":\"Nagrada Japan International Design Pioneer Award je 18. julija 2023 organizirala veliko podelitev nagrad v Tokiu na Japonskem.\",\"breadcrumb\":{\"@id\":\"https:\\\/\\\/olivierfelixisselin.com\\\/index.php\\\/sl\\\/2024\\\/01\\\/04\\\/francoski-oblikovalec-olivier-felix-isselin-je-prejel-japonsko-nagrado\\\/#breadcrumb\"},\"inLanguage\":\"fr-FR\",\"potentialAction\":[{\"@type\":\"ReadAction\",\"target\":[\"https:\\\/\\\/olivierfelixisselin.com\\\/index.php\\\/sl\\\/2024\\\/01\\\/04\\\/francoski-oblikovalec-olivier-felix-isselin-je-prejel-japonsko-nagrado\\\/\"]}]},{\"@type\":\"ImageObject\",\"inLanguage\":\"fr-FR\",\"@id\":\"https:\\\/\\\/olivierfelixisselin.com\\\/index.php\\\/sl\\\/2024\\\/01\\\/04\\\/francoski-oblikovalec-olivier-felix-isselin-je-prejel-japonsko-nagrado\\\/#primaryimage\",\"url\":\"https:\\\/\\\/olivierfelixisselin.com\\\/wp-content\\\/uploads\\\/2023\\\/09\\\/Capture-decran-2023-09-26-a-12.12.27.png\",\"contentUrl\":\"https:\\\/\\\/olivierfelixisselin.com\\\/wp-content\\\/uploads\\\/2023\\\/09\\\/Capture-decran-2023-09-26-a-12.12.27.png\",\"width\":382,\"height\":1676},{\"@type\":\"BreadcrumbList\",\"@id\":\"https:\\\/\\\/olivierfelixisselin.com\\\/index.php\\\/sl\\\/2024\\\/01\\\/04\\\/francoski-oblikovalec-olivier-felix-isselin-je-prejel-japonsko-nagrado\\\/#breadcrumb\",\"itemListElement\":[{\"@type\":\"ListItem\",\"position\":1,\"name\":\"Accueil\",\"item\":\"https:\\\/\\\/olivierfelixisselin.com\\\/\"},{\"@type\":\"ListItem\",\"position\":2,\"name\":\"Francoski oblikovalec Olivier Felix Isselin je prejel japonsko nagrado\"}]},{\"@type\":\"WebSite\",\"@id\":\"https:\\\/\\\/olivierfelixisselin.com\\\/#website\",\"url\":\"https:\\\/\\\/olivierfelixisselin.com\\\/\",\"name\":\"Olivier Felix Isselin\",\"description\":\"- - -\",\"publisher\":{\"@id\":\"https:\\\/\\\/olivierfelixisselin.com\\\/#organization\"},\"alternateName\":\"OFI\",\"potentialAction\":[{\"@type\":\"SearchAction\",\"target\":{\"@type\":\"EntryPoint\",\"urlTemplate\":\"https:\\\/\\\/olivierfelixisselin.com\\\/?s={search_term_string}\"},\"query-input\":{\"@type\":\"PropertyValueSpecification\",\"valueRequired\":true,\"valueName\":\"search_term_string\"}}],\"inLanguage\":\"fr-FR\"},{\"@type\":\"Organization\",\"@id\":\"https:\\\/\\\/olivierfelixisselin.com\\\/#organization\",\"name\":\"Olivier Felix Isselin\",\"alternateName\":\"OFI\",\"url\":\"https:\\\/\\\/olivierfelixisselin.com\\\/\",\"logo\":{\"@type\":\"ImageObject\",\"inLanguage\":\"fr-FR\",\"@id\":\"https:\\\/\\\/olivierfelixisselin.com\\\/#\\\/schema\\\/logo\\\/image\\\/\",\"url\":\"https:\\\/\\\/olivierfelixisselin.com\\\/wp-content\\\/uploads\\\/2023\\\/05\\\/cropped-cropped-logo-fourmiliere-ikb.png\",\"contentUrl\":\"https:\\\/\\\/olivierfelixisselin.com\\\/wp-content\\\/uploads\\\/2023\\\/05\\\/cropped-cropped-logo-fourmiliere-ikb.png\",\"width\":512,\"height\":512,\"caption\":\"Olivier Felix Isselin\"},\"image\":{\"@id\":\"https:\\\/\\\/olivierfelixisselin.com\\\/#\\\/schema\\\/logo\\\/image\\\/\"},\"sameAs\":[\"https:\\\/\\\/www.facebook.com\\\/FelixIsselin\",\"https:\\\/\\\/x.com\\\/FelixISSELIN\",\"https:\\\/\\\/www.instagram.com\\\/felix.isselin\\\/\",\"https:\\\/\\\/www.linkedin.com\\\/in\\\/olivier-felix-isselin-31915b84\\\/\"]},{\"@type\":\"Person\",\"@id\":\"https:\\\/\\\/olivierfelixisselin.com\\\/#\\\/schema\\\/person\\\/7722c1cf90d811c75e665a92b208ab0a\",\"name\":\"admin1037\",\"image\":{\"@type\":\"ImageObject\",\"inLanguage\":\"fr-FR\",\"@id\":\"https:\\\/\\\/secure.gravatar.com\\\/avatar\\\/b2b592ff1e7ac9296f7d27f28579b35a568e15c7a7e79a5f45cdef82ead38e2c?s=96&d=robohash&r=g\",\"url\":\"https:\\\/\\\/secure.gravatar.com\\\/avatar\\\/b2b592ff1e7ac9296f7d27f28579b35a568e15c7a7e79a5f45cdef82ead38e2c?s=96&d=robohash&r=g\",\"contentUrl\":\"https:\\\/\\\/secure.gravatar.com\\\/avatar\\\/b2b592ff1e7ac9296f7d27f28579b35a568e15c7a7e79a5f45cdef82ead38e2c?s=96&d=robohash&r=g\",\"caption\":\"admin1037\"},\"sameAs\":[\"http:\\\/\\\/olivierfelixisselin.com\",\"https:\\\/\\\/www.facebook.com\\\/FelixIsselin\\\/\",\"https:\\\/\\\/www.instagram.com\\\/felix.isselin\\\/\",\"https:\\\/\\\/www.linkedin.com\\\/in\\\/olivier-felix-isselin-31915b84\\\/\"],\"url\":\"https:\\\/\\\/olivierfelixisselin.com\\\/index.php\\\/author\\\/admin1037\\\/\"}]}<\/script>\n<!-- \/ Yoast SEO plugin. -->","yoast_head_json":{"title":"Francoski oblikovalec Olivier Felix Isselin je prejel japonsko nagrado","description":"Nagrada Japan International Design Pioneer Award je 18. julija 2023 organizirala veliko podelitev nagrad v Tokiu na Japonskem.","robots":{"index":"index","follow":"follow","max-snippet":"max-snippet:-1","max-image-preview":"max-image-preview:large","max-video-preview":"max-video-preview:-1"},"canonical":"https:\/\/olivierfelixisselin.com\/index.php\/sl\/2024\/01\/04\/francoski-oblikovalec-olivier-felix-isselin-je-prejel-japonsko-nagrado\/","og_locale":"fr_FR","og_type":"article","og_title":"Francoski oblikovalec Olivier Felix Isselin je prejel japonsko nagrado","og_description":"Nagrada Japan International Design Pioneer Award je 18. julija 2023 organizirala veliko podelitev nagrad v Tokiu na Japonskem.","og_url":"https:\/\/olivierfelixisselin.com\/index.php\/sl\/2024\/01\/04\/francoski-oblikovalec-olivier-felix-isselin-je-prejel-japonsko-nagrado\/","og_site_name":"Olivier Felix Isselin","article_publisher":"https:\/\/www.facebook.com\/FelixIsselin","article_author":"https:\/\/www.facebook.com\/FelixIsselin\/","article_published_time":"2024-01-04T15:26:52+00:00","article_modified_time":"2024-01-04T15:27:37+00:00","og_image":[{"url":"https:\/\/olivierfelixisselin.com\/wp-content\/uploads\/2023\/09\/Capture-decran-2023-09-26-a-12.12.27-233x1024.png","type":"","width":"","height":""}],"author":"admin1037","twitter_card":"summary_large_image","twitter_creator":"@FelixISSELIN","twitter_site":"@FelixISSELIN","twitter_misc":{"\u00c9crit par":"admin1037","Dur\u00e9e de lecture estim\u00e9e":"3 minutes"},"schema":{"@context":"https:\/\/schema.org","@graph":[{"@type":"Article","@id":"https:\/\/olivierfelixisselin.com\/index.php\/sl\/2024\/01\/04\/francoski-oblikovalec-olivier-felix-isselin-je-prejel-japonsko-nagrado\/#article","isPartOf":{"@id":"https:\/\/olivierfelixisselin.com\/index.php\/sl\/2024\/01\/04\/francoski-oblikovalec-olivier-felix-isselin-je-prejel-japonsko-nagrado\/"},"author":{"name":"admin1037","@id":"https:\/\/olivierfelixisselin.com\/#\/schema\/person\/7722c1cf90d811c75e665a92b208ab0a"},"headline":"Francoski oblikovalec Olivier Felix Isselin je prejel japonsko nagrado","datePublished":"2024-01-04T15:26:52+00:00","dateModified":"2024-01-04T15:27:37+00:00","mainEntityOfPage":{"@id":"https:\/\/olivierfelixisselin.com\/index.php\/sl\/2024\/01\/04\/francoski-oblikovalec-olivier-felix-isselin-je-prejel-japonsko-nagrado\/"},"wordCount":230,"commentCount":0,"publisher":{"@id":"https:\/\/olivierfelixisselin.com\/#organization"},"image":{"@id":"https:\/\/olivierfelixisselin.com\/index.php\/sl\/2024\/01\/04\/francoski-oblikovalec-olivier-felix-isselin-je-prejel-japonsko-nagrado\/#primaryimage"},"thumbnailUrl":"https:\/\/olivierfelixisselin.com\/wp-content\/uploads\/2023\/09\/Capture-decran-2023-09-26-a-12.12.27-233x1024.png","inLanguage":"fr-FR","potentialAction":[{"@type":"CommentAction","name":"Comment","target":["https:\/\/olivierfelixisselin.com\/index.php\/sl\/2024\/01\/04\/francoski-oblikovalec-olivier-felix-isselin-je-prejel-japonsko-nagrado\/#respond"]}]},{"@type":"WebPage","@id":"https:\/\/olivierfelixisselin.com\/index.php\/sl\/2024\/01\/04\/francoski-oblikovalec-olivier-felix-isselin-je-prejel-japonsko-nagrado\/","url":"https:\/\/olivierfelixisselin.com\/index.php\/sl\/2024\/01\/04\/francoski-oblikovalec-olivier-felix-isselin-je-prejel-japonsko-nagrado\/","name":"Francoski oblikovalec Olivier Felix Isselin je prejel japonsko nagrado","isPartOf":{"@id":"https:\/\/olivierfelixisselin.com\/#website"},"primaryImageOfPage":{"@id":"https:\/\/olivierfelixisselin.com\/index.php\/sl\/2024\/01\/04\/francoski-oblikovalec-olivier-felix-isselin-je-prejel-japonsko-nagrado\/#primaryimage"},"image":{"@id":"https:\/\/olivierfelixisselin.com\/index.php\/sl\/2024\/01\/04\/francoski-oblikovalec-olivier-felix-isselin-je-prejel-japonsko-nagrado\/#primaryimage"},"thumbnailUrl":"https:\/\/olivierfelixisselin.com\/wp-content\/uploads\/2023\/09\/Capture-decran-2023-09-26-a-12.12.27-233x1024.png","datePublished":"2024-01-04T15:26:52+00:00","dateModified":"2024-01-04T15:27:37+00:00","description":"Nagrada Japan International Design Pioneer Award je 18. julija 2023 organizirala veliko podelitev nagrad v Tokiu na Japonskem.","breadcrumb":{"@id":"https:\/\/olivierfelixisselin.com\/index.php\/sl\/2024\/01\/04\/francoski-oblikovalec-olivier-felix-isselin-je-prejel-japonsko-nagrado\/#breadcrumb"},"inLanguage":"fr-FR","potentialAction":[{"@type":"ReadAction","target":["https:\/\/olivierfelixisselin.com\/index.php\/sl\/2024\/01\/04\/francoski-oblikovalec-olivier-felix-isselin-je-prejel-japonsko-nagrado\/"]}]},{"@type":"ImageObject","inLanguage":"fr-FR","@id":"https:\/\/olivierfelixisselin.com\/index.php\/sl\/2024\/01\/04\/francoski-oblikovalec-olivier-felix-isselin-je-prejel-japonsko-nagrado\/#primaryimage","url":"https:\/\/olivierfelixisselin.com\/wp-content\/uploads\/2023\/09\/Capture-decran-2023-09-26-a-12.12.27.png","contentUrl":"https:\/\/olivierfelixisselin.com\/wp-content\/uploads\/2023\/09\/Capture-decran-2023-09-26-a-12.12.27.png","width":382,"height":1676},{"@type":"BreadcrumbList","@id":"https:\/\/olivierfelixisselin.com\/index.php\/sl\/2024\/01\/04\/francoski-oblikovalec-olivier-felix-isselin-je-prejel-japonsko-nagrado\/#breadcrumb","itemListElement":[{"@type":"ListItem","position":1,"name":"Accueil","item":"https:\/\/olivierfelixisselin.com\/"},{"@type":"ListItem","position":2,"name":"Francoski oblikovalec Olivier Felix Isselin je prejel japonsko nagrado"}]},{"@type":"WebSite","@id":"https:\/\/olivierfelixisselin.com\/#website","url":"https:\/\/olivierfelixisselin.com\/","name":"Olivier Felix Isselin","description":"- - -","publisher":{"@id":"https:\/\/olivierfelixisselin.com\/#organization"},"alternateName":"OFI","potentialAction":[{"@type":"SearchAction","target":{"@type":"EntryPoint","urlTemplate":"https:\/\/olivierfelixisselin.com\/?s={search_term_string}"},"query-input":{"@type":"PropertyValueSpecification","valueRequired":true,"valueName":"search_term_string"}}],"inLanguage":"fr-FR"},{"@type":"Organization","@id":"https:\/\/olivierfelixisselin.com\/#organization","name":"Olivier Felix Isselin","alternateName":"OFI","url":"https:\/\/olivierfelixisselin.com\/","logo":{"@type":"ImageObject","inLanguage":"fr-FR","@id":"https:\/\/olivierfelixisselin.com\/#\/schema\/logo\/image\/","url":"https:\/\/olivierfelixisselin.com\/wp-content\/uploads\/2023\/05\/cropped-cropped-logo-fourmiliere-ikb.png","contentUrl":"https:\/\/olivierfelixisselin.com\/wp-content\/uploads\/2023\/05\/cropped-cropped-logo-fourmiliere-ikb.png","width":512,"height":512,"caption":"Olivier Felix Isselin"},"image":{"@id":"https:\/\/olivierfelixisselin.com\/#\/schema\/logo\/image\/"},"sameAs":["https:\/\/www.facebook.com\/FelixIsselin","https:\/\/x.com\/FelixISSELIN","https:\/\/www.instagram.com\/felix.isselin\/","https:\/\/www.linkedin.com\/in\/olivier-felix-isselin-31915b84\/"]},{"@type":"Person","@id":"https:\/\/olivierfelixisselin.com\/#\/schema\/person\/7722c1cf90d811c75e665a92b208ab0a","name":"admin1037","image":{"@type":"ImageObject","inLanguage":"fr-FR","@id":"https:\/\/secure.gravatar.com\/avatar\/b2b592ff1e7ac9296f7d27f28579b35a568e15c7a7e79a5f45cdef82ead38e2c?s=96&d=robohash&r=g","url":"https:\/\/secure.gravatar.com\/avatar\/b2b592ff1e7ac9296f7d27f28579b35a568e15c7a7e79a5f45cdef82ead38e2c?s=96&d=robohash&r=g","contentUrl":"https:\/\/secure.gravatar.com\/avatar\/b2b592ff1e7ac9296f7d27f28579b35a568e15c7a7e79a5f45cdef82ead38e2c?s=96&d=robohash&r=g","caption":"admin1037"},"sameAs":["http:\/\/olivierfelixisselin.com","https:\/\/www.facebook.com\/FelixIsselin\/","https:\/\/www.instagram.com\/felix.isselin\/","https:\/\/www.linkedin.com\/in\/olivier-felix-isselin-31915b84\/"],"url":"https:\/\/olivierfelixisselin.com\/index.php\/author\/admin1037\/"}]}},"_links":{"self":[{"href":"https:\/\/olivierfelixisselin.com\/index.php\/wp-json\/wp\/v2\/posts\/4006","targetHints":{"allow":["GET"]}}],"collection":[{"href":"https:\/\/olivierfelixisselin.com\/index.php\/wp-json\/wp\/v2\/posts"}],"about":[{"href":"https:\/\/olivierfelixisselin.com\/index.php\/wp-json\/wp\/v2\/types\/post"}],"author":[{"embeddable":true,"href":"https:\/\/olivierfelixisselin.com\/index.php\/wp-json\/wp\/v2\/users\/1"}],"replies":[{"embeddable":true,"href":"https:\/\/olivierfelixisselin.com\/index.php\/wp-json\/wp\/v2\/comments?post=4006"}],"version-history":[{"count":1,"href":"https:\/\/olivierfelixisselin.com\/index.php\/wp-json\/wp\/v2\/posts\/4006\/revisions"}],"predecessor-version":[{"id":4007,"href":"https:\/\/olivierfelixisselin.com\/index.php\/wp-json\/wp\/v2\/posts\/4006\/revisions\/4007"}],"wp:attachment":[{"href":"https:\/\/olivierfelixisselin.com\/index.php\/wp-json\/wp\/v2\/media?parent=4006"}],"wp:term":[{"taxonomy":"category","embeddable":true,"href":"https:\/\/olivierfelixisselin.com\/index.php\/wp-json\/wp\/v2\/categories?post=4006"},{"taxonomy":"post_tag","embeddable":true,"href":"https:\/\/olivierfelixisselin.com\/index.php\/wp-json\/wp\/v2\/tags?post=4006"}],"curies":[{"name":"wp","href":"https:\/\/api.w.org\/{rel}","templated":true}]}}