{"id":3642,"date":"2023-12-28T05:46:32","date_gmt":"2023-12-28T04:46:32","guid":{"rendered":"https:\/\/olivierfelixisselin.com\/?p=3642"},"modified":"2023-12-28T05:53:38","modified_gmt":"2023-12-28T04:53:38","slug":"kunstspaziergang-im-port-tonic-art-center","status":"publish","type":"post","link":"https:\/\/olivierfelixisselin.com\/index.php\/de\/2023\/12\/28\/kunstspaziergang-im-port-tonic-art-center\/","title":{"rendered":"Kunstspaziergang im Port Tonic Art Center."},"content":{"rendered":"\n<p><strong>Artikel \u2013 von Fred M. \u2013 Var-Matin \u2013 Roquebrune im Bildbereich \u2013 Freitag, 25. Mai 2018 \u2013 S. 8<\/strong><\/p>\n\n\n\n<div style=\"height:30px\" aria-hidden=\"true\" class=\"wp-block-spacer\"><\/div>\n\n\n\n<div class=\"wp-block-columns is-layout-flex wp-container-core-columns-is-layout-28f84493 wp-block-columns-is-layout-flex\">\n<div class=\"wp-block-column is-layout-flow wp-block-column-is-layout-flow\">\n<figure class=\"wp-block-image size-large\"><img loading=\"lazy\" decoding=\"async\" width=\"607\" height=\"1024\" src=\"https:\/\/olivierfelixisselin.com\/wp-content\/uploads\/2023\/06\/Article-Var-Matin-Expo-PTAC-1-1-607x1024.jpg\" alt=\"Article about Olivier Felix Isselin exhibition.\" class=\"wp-image-3423\" srcset=\"https:\/\/olivierfelixisselin.com\/wp-content\/uploads\/2023\/06\/Article-Var-Matin-Expo-PTAC-1-1-607x1024.jpg 607w, https:\/\/olivierfelixisselin.com\/wp-content\/uploads\/2023\/06\/Article-Var-Matin-Expo-PTAC-1-1-178x300.jpg 178w, https:\/\/olivierfelixisselin.com\/wp-content\/uploads\/2023\/06\/Article-Var-Matin-Expo-PTAC-1-1.jpg 664w\" sizes=\"auto, (max-width: 607px) 100vw, 607px\" \/><\/figure>\n<\/div>\n\n\n\n<div class=\"wp-block-column is-layout-flow wp-block-column-is-layout-flow\">\n<p>Das Port Tonic Art Center ist dem Meer und dem Licht zugewandt und beherbergt bis zum 3. Juni die Werke von vier K\u00fcnstlern. Der in Agay lebende Fotograf F\u00e9lix Isselin steht hinter dieser Veranstaltung, die die Skulpturen von Claire-Emmanuelle Bosse, Sophie Menuet und die Gem\u00e4lde des Roquebrunois Fabrice Violante vereint. Man bietet Amalgams Souvenirs du 7eme Kontinent, Zeugen unserer Konsumg\u00fcterr\u00fcckst\u00e4nde. Das n\u00e4chste bietet \u201eKleiderskulpturen\u201c. Schlie\u00dflich h\u00e4ngt der Sohn der Erde seine Gem\u00e4lde auf, die mit seinen Stopps auf dem Bild die Welt neu zusammensetzen, Reflexionen kurzer Schnappsch\u00fcsse der Welt des virtuellen Bildes. An der Strada dei Doganieri, unweit der r\u00f6mischen Viviera, hei\u00dfen sie Sie jeden Nachmittag willkommen. Wenn Ihre Schritte Sie dorthin f\u00fchren, nachdem Sie die K\u00fcste betrachtet haben, g\u00f6nnen Sie sich eine kulturelle Pause! Fred M. Port Tonic Art Center. 3170 Route de la Corniche, Les Issambres. Von 14 bis 20 Uhr. Freier Eintritt. <\/p>\n<\/div>\n<\/div>\n\n\n\n<p class=\"has-extra-small-font-size\">#OlivierFelixIsselin \u2013 Kurator der Ausstellung \u2013 Ausstellung \u2013 PTAC \u2013 Kunstwerk OFI-Archiv.<\/p>\n\n\n\n<div style=\"height:30px\" aria-hidden=\"true\" class=\"wp-block-spacer\"><\/div>\n\n\n\n<hr class=\"wp-block-separator has-text-color has-emperor-color has-alpha-channel-opacity has-emperor-background-color has-background is-style-wide\"\/>\n\n\n\n<div class=\"wp-block-columns is-layout-flex wp-container-core-columns-is-layout-28f84493 wp-block-columns-is-layout-flex\">\n<div class=\"wp-block-column is-layout-flow wp-block-column-is-layout-flow\">\n<p><a href=\"https:\/\/olivierfelixisselin.com\/index.php\/de\/\">&lt;&lt;&lt; Homepage.<\/a><\/p>\n<\/div>\n\n\n\n<div class=\"wp-block-column is-layout-flow wp-block-column-is-layout-flow\">\n<div class=\"wp-block-columns is-layout-flex wp-container-core-columns-is-layout-28f84493 wp-block-columns-is-layout-flex\">\n<div class=\"wp-block-column is-layout-flow wp-block-column-is-layout-flow\">\n<figure class=\"wp-block-image size-full is-resized\"><a href=\"https:\/\/www.instagram.com\/felix.isselin\/\"><img loading=\"lazy\" decoding=\"async\" width=\"180\" height=\"180\" src=\"https:\/\/olivierfelixisselin.com\/wp-content\/uploads\/2023\/06\/insta-1.jpg\" alt=\"instagram link Olivier Felix Isselin\" class=\"wp-image-3442\" style=\"object-fit:cover;width:30px;height:30px\" srcset=\"https:\/\/olivierfelixisselin.com\/wp-content\/uploads\/2023\/06\/insta-1.jpg 180w, https:\/\/olivierfelixisselin.com\/wp-content\/uploads\/2023\/06\/insta-1-150x150.jpg 150w\" sizes=\"auto, (max-width: 180px) 100vw, 180px\" \/><\/a><\/figure>\n<\/div>\n\n\n\n<div class=\"wp-block-column is-layout-flow wp-block-column-is-layout-flow\">\n<figure class=\"wp-block-image size-full is-resized\"><a href=\"https:\/\/www.facebook.com\/FelixIsselin\/\"><img loading=\"lazy\" decoding=\"async\" width=\"180\" height=\"180\" src=\"https:\/\/olivierfelixisselin.com\/wp-content\/uploads\/2023\/06\/logo-fcbk.jpg\" alt=\"\" class=\"wp-image-3443\" style=\"object-fit:cover;width:30px;height:30px\" srcset=\"https:\/\/olivierfelixisselin.com\/wp-content\/uploads\/2023\/06\/logo-fcbk.jpg 180w, https:\/\/olivierfelixisselin.com\/wp-content\/uploads\/2023\/06\/logo-fcbk-150x150.jpg 150w\" sizes=\"auto, (max-width: 180px) 100vw, 180px\" \/><\/a><\/figure>\n<\/div>\n\n\n\n<div class=\"wp-block-column is-layout-flow wp-block-column-is-layout-flow\">\n<figure class=\"wp-block-image size-full is-resized\"><a href=\"https:\/\/www.linkedin.com\/in\/olivier-felix-isselin-31915b84\/\"><img loading=\"lazy\" decoding=\"async\" width=\"180\" height=\"180\" src=\"https:\/\/olivierfelixisselin.com\/wp-content\/uploads\/2023\/06\/lkdn.jpg\" alt=\"\" class=\"wp-image-3444\" style=\"object-fit:cover;width:30px;height:30px\" srcset=\"https:\/\/olivierfelixisselin.com\/wp-content\/uploads\/2023\/06\/lkdn.jpg 180w, https:\/\/olivierfelixisselin.com\/wp-content\/uploads\/2023\/06\/lkdn-150x150.jpg 150w\" sizes=\"auto, (max-width: 180px) 100vw, 180px\" \/><\/a><\/figure>\n<\/div>\n<\/div>\n<\/div>\n\n\n\n<div class=\"wp-block-column is-layout-flow wp-block-column-is-layout-flow\">\n<div class=\"wp-block-columns is-layout-flex wp-container-core-columns-is-layout-28f84493 wp-block-columns-is-layout-flex\">\n<div class=\"wp-block-column is-layout-flow wp-block-column-is-layout-flow\">\n<figure class=\"wp-block-image size-full\"><a href=\"https:\/\/olivierfelixisselin.com\/index.php\/it\/2023\/07\/02\/promenade-artistica-al-port-tonic-art-center\/\"><img loading=\"lazy\" decoding=\"async\" width=\"50\" height=\"26\" src=\"https:\/\/olivierfelixisselin.com\/wp-content\/uploads\/2023\/06\/flag-it.png\" alt=\"\" class=\"wp-image-3403\"\/><\/a><\/figure>\n<\/div>\n\n\n\n<div class=\"wp-block-column is-layout-flow wp-block-column-is-layout-flow\">\n<figure class=\"wp-block-image size-full\"><a href=\"https:\/\/olivierfelixisselin.com\/index.php\/2023\/06\/07\/exposition-port-tonic-art-center-2\/\"><img loading=\"lazy\" decoding=\"async\" width=\"50\" height=\"26\" src=\"https:\/\/olivierfelixisselin.com\/wp-content\/uploads\/2023\/06\/france.png\" alt=\"\" class=\"wp-image-3407\"\/><\/a><\/figure>\n<\/div>\n\n\n\n<div class=\"wp-block-column is-layout-flow wp-block-column-is-layout-flow\">\n<figure class=\"wp-block-image size-full\"><a href=\"https:\/\/olivierfelixisselin.com\/index.php\/en\/2023\/06\/09\/artistic-stroll-at-port-tonic-art-center\/\"><img loading=\"lazy\" decoding=\"async\" width=\"50\" height=\"26\" src=\"https:\/\/olivierfelixisselin.com\/wp-content\/uploads\/2023\/06\/UK.png\" alt=\"\" class=\"wp-image-3408\"\/><\/a><\/figure>\n<\/div>\n<\/div>\n<\/div>\n<\/div>\n","protected":false},"excerpt":{"rendered":"<p>Artikel \u2013 von Fred M. \u2013 Var-Matin \u2013 Roquebrune im Bildbereich \u2013 Freitag, 25. Mai [&hellip;]<\/p>\n","protected":false},"author":1,"featured_media":0,"comment_status":"open","ping_status":"open","sticky":false,"template":"","format":"standard","meta":{"footnotes":""},"categories":[327],"tags":[],"class_list":["post-3642","post","type-post","status-publish","format-standard","hentry","category-zeitung"],"yoast_head":"<!-- This site is optimized with the Yoast SEO plugin v27.5 - https:\/\/yoast.com\/product\/yoast-seo-wordpress\/ -->\n<title>Kunstspaziergang im Port Tonic Art Center. - Olivier Felix Isselin<\/title>\n<meta name=\"description\" content=\"OFI-Archive \u2013 Artikel \u2013 von Fred M. \u2013 Var-Matin \u2013 Roquebrune im Bilderbereich \u2013 Freitag, 25. Mai 2018 \u2013 S. 8\" \/>\n<meta name=\"robots\" content=\"index, follow, max-snippet:-1, max-image-preview:large, max-video-preview:-1\" \/>\n<link rel=\"canonical\" href=\"https:\/\/olivierfelixisselin.com\/index.php\/de\/2023\/12\/28\/kunstspaziergang-im-port-tonic-art-center\/\" \/>\n<meta property=\"og:locale\" content=\"fr_FR\" \/>\n<meta property=\"og:type\" content=\"article\" \/>\n<meta property=\"og:title\" content=\"Kunstspaziergang im Port Tonic Art Center. - Olivier Felix Isselin\" \/>\n<meta property=\"og:description\" content=\"OFI-Archive \u2013 Artikel \u2013 von Fred M. \u2013 Var-Matin \u2013 Roquebrune im Bilderbereich \u2013 Freitag, 25. Mai 2018 \u2013 S. 8\" \/>\n<meta property=\"og:url\" content=\"https:\/\/olivierfelixisselin.com\/index.php\/de\/2023\/12\/28\/kunstspaziergang-im-port-tonic-art-center\/\" \/>\n<meta property=\"og:site_name\" content=\"Olivier Felix Isselin\" \/>\n<meta property=\"article:publisher\" content=\"https:\/\/www.facebook.com\/FelixIsselin\" \/>\n<meta property=\"article:author\" content=\"https:\/\/www.facebook.com\/FelixIsselin\/\" \/>\n<meta property=\"article:published_time\" content=\"2023-12-28T04:46:32+00:00\" \/>\n<meta property=\"article:modified_time\" content=\"2023-12-28T04:53:38+00:00\" \/>\n<meta property=\"og:image\" content=\"https:\/\/olivierfelixisselin.com\/wp-content\/uploads\/2023\/06\/Article-Var-Matin-Expo-PTAC-1-1-607x1024.jpg\" \/>\n<meta name=\"author\" content=\"admin1037\" \/>\n<meta name=\"twitter:card\" content=\"summary_large_image\" \/>\n<meta name=\"twitter:creator\" content=\"@FelixISSELIN\" \/>\n<meta name=\"twitter:site\" content=\"@FelixISSELIN\" \/>\n<meta name=\"twitter:label1\" content=\"\u00c9crit par\" \/>\n\t<meta name=\"twitter:data1\" content=\"admin1037\" \/>\n\t<meta name=\"twitter:label2\" content=\"Dur\u00e9e de lecture estim\u00e9e\" \/>\n\t<meta name=\"twitter:data2\" content=\"3 minutes\" \/>\n<script type=\"application\/ld+json\" class=\"yoast-schema-graph\">{\"@context\":\"https:\\\/\\\/schema.org\",\"@graph\":[{\"@type\":\"Article\",\"@id\":\"https:\\\/\\\/olivierfelixisselin.com\\\/index.php\\\/de\\\/2023\\\/12\\\/28\\\/kunstspaziergang-im-port-tonic-art-center\\\/#article\",\"isPartOf\":{\"@id\":\"https:\\\/\\\/olivierfelixisselin.com\\\/index.php\\\/de\\\/2023\\\/12\\\/28\\\/kunstspaziergang-im-port-tonic-art-center\\\/\"},\"author\":{\"name\":\"admin1037\",\"@id\":\"https:\\\/\\\/olivierfelixisselin.com\\\/#\\\/schema\\\/person\\\/7722c1cf90d811c75e665a92b208ab0a\"},\"headline\":\"Kunstspaziergang im Port Tonic Art Center.\",\"datePublished\":\"2023-12-28T04:46:32+00:00\",\"dateModified\":\"2023-12-28T04:53:38+00:00\",\"mainEntityOfPage\":{\"@id\":\"https:\\\/\\\/olivierfelixisselin.com\\\/index.php\\\/de\\\/2023\\\/12\\\/28\\\/kunstspaziergang-im-port-tonic-art-center\\\/\"},\"wordCount\":186,\"commentCount\":0,\"publisher\":{\"@id\":\"https:\\\/\\\/olivierfelixisselin.com\\\/#organization\"},\"image\":{\"@id\":\"https:\\\/\\\/olivierfelixisselin.com\\\/index.php\\\/de\\\/2023\\\/12\\\/28\\\/kunstspaziergang-im-port-tonic-art-center\\\/#primaryimage\"},\"thumbnailUrl\":\"https:\\\/\\\/olivierfelixisselin.com\\\/wp-content\\\/uploads\\\/2023\\\/06\\\/Article-Var-Matin-Expo-PTAC-1-1-607x1024.jpg\",\"articleSection\":[\"Zeitung\"],\"inLanguage\":\"fr-FR\",\"potentialAction\":[{\"@type\":\"CommentAction\",\"name\":\"Comment\",\"target\":[\"https:\\\/\\\/olivierfelixisselin.com\\\/index.php\\\/de\\\/2023\\\/12\\\/28\\\/kunstspaziergang-im-port-tonic-art-center\\\/#respond\"]}]},{\"@type\":\"WebPage\",\"@id\":\"https:\\\/\\\/olivierfelixisselin.com\\\/index.php\\\/de\\\/2023\\\/12\\\/28\\\/kunstspaziergang-im-port-tonic-art-center\\\/\",\"url\":\"https:\\\/\\\/olivierfelixisselin.com\\\/index.php\\\/de\\\/2023\\\/12\\\/28\\\/kunstspaziergang-im-port-tonic-art-center\\\/\",\"name\":\"Kunstspaziergang im Port Tonic Art Center. - Olivier Felix Isselin\",\"isPartOf\":{\"@id\":\"https:\\\/\\\/olivierfelixisselin.com\\\/#website\"},\"primaryImageOfPage\":{\"@id\":\"https:\\\/\\\/olivierfelixisselin.com\\\/index.php\\\/de\\\/2023\\\/12\\\/28\\\/kunstspaziergang-im-port-tonic-art-center\\\/#primaryimage\"},\"image\":{\"@id\":\"https:\\\/\\\/olivierfelixisselin.com\\\/index.php\\\/de\\\/2023\\\/12\\\/28\\\/kunstspaziergang-im-port-tonic-art-center\\\/#primaryimage\"},\"thumbnailUrl\":\"https:\\\/\\\/olivierfelixisselin.com\\\/wp-content\\\/uploads\\\/2023\\\/06\\\/Article-Var-Matin-Expo-PTAC-1-1-607x1024.jpg\",\"datePublished\":\"2023-12-28T04:46:32+00:00\",\"dateModified\":\"2023-12-28T04:53:38+00:00\",\"description\":\"OFI-Archive \u2013 Artikel \u2013 von Fred M. \u2013 Var-Matin \u2013 Roquebrune im Bilderbereich \u2013 Freitag, 25. Mai 2018 \u2013 S. 8\",\"breadcrumb\":{\"@id\":\"https:\\\/\\\/olivierfelixisselin.com\\\/index.php\\\/de\\\/2023\\\/12\\\/28\\\/kunstspaziergang-im-port-tonic-art-center\\\/#breadcrumb\"},\"inLanguage\":\"fr-FR\",\"potentialAction\":[{\"@type\":\"ReadAction\",\"target\":[\"https:\\\/\\\/olivierfelixisselin.com\\\/index.php\\\/de\\\/2023\\\/12\\\/28\\\/kunstspaziergang-im-port-tonic-art-center\\\/\"]}]},{\"@type\":\"ImageObject\",\"inLanguage\":\"fr-FR\",\"@id\":\"https:\\\/\\\/olivierfelixisselin.com\\\/index.php\\\/de\\\/2023\\\/12\\\/28\\\/kunstspaziergang-im-port-tonic-art-center\\\/#primaryimage\",\"url\":\"https:\\\/\\\/olivierfelixisselin.com\\\/wp-content\\\/uploads\\\/2023\\\/06\\\/Article-Var-Matin-Expo-PTAC-1-1.jpg\",\"contentUrl\":\"https:\\\/\\\/olivierfelixisselin.com\\\/wp-content\\\/uploads\\\/2023\\\/06\\\/Article-Var-Matin-Expo-PTAC-1-1.jpg\",\"width\":664,\"height\":1120},{\"@type\":\"BreadcrumbList\",\"@id\":\"https:\\\/\\\/olivierfelixisselin.com\\\/index.php\\\/de\\\/2023\\\/12\\\/28\\\/kunstspaziergang-im-port-tonic-art-center\\\/#breadcrumb\",\"itemListElement\":[{\"@type\":\"ListItem\",\"position\":1,\"name\":\"Accueil\",\"item\":\"https:\\\/\\\/olivierfelixisselin.com\\\/\"},{\"@type\":\"ListItem\",\"position\":2,\"name\":\"Kunstspaziergang im Port Tonic Art Center.\"}]},{\"@type\":\"WebSite\",\"@id\":\"https:\\\/\\\/olivierfelixisselin.com\\\/#website\",\"url\":\"https:\\\/\\\/olivierfelixisselin.com\\\/\",\"name\":\"Olivier Felix Isselin\",\"description\":\"- - -\",\"publisher\":{\"@id\":\"https:\\\/\\\/olivierfelixisselin.com\\\/#organization\"},\"alternateName\":\"OFI\",\"potentialAction\":[{\"@type\":\"SearchAction\",\"target\":{\"@type\":\"EntryPoint\",\"urlTemplate\":\"https:\\\/\\\/olivierfelixisselin.com\\\/?s={search_term_string}\"},\"query-input\":{\"@type\":\"PropertyValueSpecification\",\"valueRequired\":true,\"valueName\":\"search_term_string\"}}],\"inLanguage\":\"fr-FR\"},{\"@type\":\"Organization\",\"@id\":\"https:\\\/\\\/olivierfelixisselin.com\\\/#organization\",\"name\":\"Olivier Felix Isselin\",\"alternateName\":\"OFI\",\"url\":\"https:\\\/\\\/olivierfelixisselin.com\\\/\",\"logo\":{\"@type\":\"ImageObject\",\"inLanguage\":\"fr-FR\",\"@id\":\"https:\\\/\\\/olivierfelixisselin.com\\\/#\\\/schema\\\/logo\\\/image\\\/\",\"url\":\"https:\\\/\\\/olivierfelixisselin.com\\\/wp-content\\\/uploads\\\/2023\\\/05\\\/cropped-cropped-logo-fourmiliere-ikb.png\",\"contentUrl\":\"https:\\\/\\\/olivierfelixisselin.com\\\/wp-content\\\/uploads\\\/2023\\\/05\\\/cropped-cropped-logo-fourmiliere-ikb.png\",\"width\":512,\"height\":512,\"caption\":\"Olivier Felix Isselin\"},\"image\":{\"@id\":\"https:\\\/\\\/olivierfelixisselin.com\\\/#\\\/schema\\\/logo\\\/image\\\/\"},\"sameAs\":[\"https:\\\/\\\/www.facebook.com\\\/FelixIsselin\",\"https:\\\/\\\/x.com\\\/FelixISSELIN\",\"https:\\\/\\\/www.instagram.com\\\/felix.isselin\\\/\",\"https:\\\/\\\/www.linkedin.com\\\/in\\\/olivier-felix-isselin-31915b84\\\/\"]},{\"@type\":\"Person\",\"@id\":\"https:\\\/\\\/olivierfelixisselin.com\\\/#\\\/schema\\\/person\\\/7722c1cf90d811c75e665a92b208ab0a\",\"name\":\"admin1037\",\"image\":{\"@type\":\"ImageObject\",\"inLanguage\":\"fr-FR\",\"@id\":\"https:\\\/\\\/secure.gravatar.com\\\/avatar\\\/b2b592ff1e7ac9296f7d27f28579b35a568e15c7a7e79a5f45cdef82ead38e2c?s=96&d=robohash&r=g\",\"url\":\"https:\\\/\\\/secure.gravatar.com\\\/avatar\\\/b2b592ff1e7ac9296f7d27f28579b35a568e15c7a7e79a5f45cdef82ead38e2c?s=96&d=robohash&r=g\",\"contentUrl\":\"https:\\\/\\\/secure.gravatar.com\\\/avatar\\\/b2b592ff1e7ac9296f7d27f28579b35a568e15c7a7e79a5f45cdef82ead38e2c?s=96&d=robohash&r=g\",\"caption\":\"admin1037\"},\"sameAs\":[\"http:\\\/\\\/olivierfelixisselin.com\",\"https:\\\/\\\/www.facebook.com\\\/FelixIsselin\\\/\",\"https:\\\/\\\/www.instagram.com\\\/felix.isselin\\\/\",\"https:\\\/\\\/www.linkedin.com\\\/in\\\/olivier-felix-isselin-31915b84\\\/\"],\"url\":\"https:\\\/\\\/olivierfelixisselin.com\\\/index.php\\\/author\\\/admin1037\\\/\"}]}<\/script>\n<!-- \/ Yoast SEO plugin. -->","yoast_head_json":{"title":"Kunstspaziergang im Port Tonic Art Center. - Olivier Felix Isselin","description":"OFI-Archive \u2013 Artikel \u2013 von Fred M. \u2013 Var-Matin \u2013 Roquebrune im Bilderbereich \u2013 Freitag, 25. Mai 2018 \u2013 S. 8","robots":{"index":"index","follow":"follow","max-snippet":"max-snippet:-1","max-image-preview":"max-image-preview:large","max-video-preview":"max-video-preview:-1"},"canonical":"https:\/\/olivierfelixisselin.com\/index.php\/de\/2023\/12\/28\/kunstspaziergang-im-port-tonic-art-center\/","og_locale":"fr_FR","og_type":"article","og_title":"Kunstspaziergang im Port Tonic Art Center. - Olivier Felix Isselin","og_description":"OFI-Archive \u2013 Artikel \u2013 von Fred M. \u2013 Var-Matin \u2013 Roquebrune im Bilderbereich \u2013 Freitag, 25. Mai 2018 \u2013 S. 8","og_url":"https:\/\/olivierfelixisselin.com\/index.php\/de\/2023\/12\/28\/kunstspaziergang-im-port-tonic-art-center\/","og_site_name":"Olivier Felix Isselin","article_publisher":"https:\/\/www.facebook.com\/FelixIsselin","article_author":"https:\/\/www.facebook.com\/FelixIsselin\/","article_published_time":"2023-12-28T04:46:32+00:00","article_modified_time":"2023-12-28T04:53:38+00:00","og_image":[{"url":"https:\/\/olivierfelixisselin.com\/wp-content\/uploads\/2023\/06\/Article-Var-Matin-Expo-PTAC-1-1-607x1024.jpg","type":"","width":"","height":""}],"author":"admin1037","twitter_card":"summary_large_image","twitter_creator":"@FelixISSELIN","twitter_site":"@FelixISSELIN","twitter_misc":{"\u00c9crit par":"admin1037","Dur\u00e9e de lecture estim\u00e9e":"3 minutes"},"schema":{"@context":"https:\/\/schema.org","@graph":[{"@type":"Article","@id":"https:\/\/olivierfelixisselin.com\/index.php\/de\/2023\/12\/28\/kunstspaziergang-im-port-tonic-art-center\/#article","isPartOf":{"@id":"https:\/\/olivierfelixisselin.com\/index.php\/de\/2023\/12\/28\/kunstspaziergang-im-port-tonic-art-center\/"},"author":{"name":"admin1037","@id":"https:\/\/olivierfelixisselin.com\/#\/schema\/person\/7722c1cf90d811c75e665a92b208ab0a"},"headline":"Kunstspaziergang im Port Tonic Art Center.","datePublished":"2023-12-28T04:46:32+00:00","dateModified":"2023-12-28T04:53:38+00:00","mainEntityOfPage":{"@id":"https:\/\/olivierfelixisselin.com\/index.php\/de\/2023\/12\/28\/kunstspaziergang-im-port-tonic-art-center\/"},"wordCount":186,"commentCount":0,"publisher":{"@id":"https:\/\/olivierfelixisselin.com\/#organization"},"image":{"@id":"https:\/\/olivierfelixisselin.com\/index.php\/de\/2023\/12\/28\/kunstspaziergang-im-port-tonic-art-center\/#primaryimage"},"thumbnailUrl":"https:\/\/olivierfelixisselin.com\/wp-content\/uploads\/2023\/06\/Article-Var-Matin-Expo-PTAC-1-1-607x1024.jpg","articleSection":["Zeitung"],"inLanguage":"fr-FR","potentialAction":[{"@type":"CommentAction","name":"Comment","target":["https:\/\/olivierfelixisselin.com\/index.php\/de\/2023\/12\/28\/kunstspaziergang-im-port-tonic-art-center\/#respond"]}]},{"@type":"WebPage","@id":"https:\/\/olivierfelixisselin.com\/index.php\/de\/2023\/12\/28\/kunstspaziergang-im-port-tonic-art-center\/","url":"https:\/\/olivierfelixisselin.com\/index.php\/de\/2023\/12\/28\/kunstspaziergang-im-port-tonic-art-center\/","name":"Kunstspaziergang im Port Tonic Art Center. - Olivier Felix Isselin","isPartOf":{"@id":"https:\/\/olivierfelixisselin.com\/#website"},"primaryImageOfPage":{"@id":"https:\/\/olivierfelixisselin.com\/index.php\/de\/2023\/12\/28\/kunstspaziergang-im-port-tonic-art-center\/#primaryimage"},"image":{"@id":"https:\/\/olivierfelixisselin.com\/index.php\/de\/2023\/12\/28\/kunstspaziergang-im-port-tonic-art-center\/#primaryimage"},"thumbnailUrl":"https:\/\/olivierfelixisselin.com\/wp-content\/uploads\/2023\/06\/Article-Var-Matin-Expo-PTAC-1-1-607x1024.jpg","datePublished":"2023-12-28T04:46:32+00:00","dateModified":"2023-12-28T04:53:38+00:00","description":"OFI-Archive \u2013 Artikel \u2013 von Fred M. \u2013 Var-Matin \u2013 Roquebrune im Bilderbereich \u2013 Freitag, 25. Mai 2018 \u2013 S. 8","breadcrumb":{"@id":"https:\/\/olivierfelixisselin.com\/index.php\/de\/2023\/12\/28\/kunstspaziergang-im-port-tonic-art-center\/#breadcrumb"},"inLanguage":"fr-FR","potentialAction":[{"@type":"ReadAction","target":["https:\/\/olivierfelixisselin.com\/index.php\/de\/2023\/12\/28\/kunstspaziergang-im-port-tonic-art-center\/"]}]},{"@type":"ImageObject","inLanguage":"fr-FR","@id":"https:\/\/olivierfelixisselin.com\/index.php\/de\/2023\/12\/28\/kunstspaziergang-im-port-tonic-art-center\/#primaryimage","url":"https:\/\/olivierfelixisselin.com\/wp-content\/uploads\/2023\/06\/Article-Var-Matin-Expo-PTAC-1-1.jpg","contentUrl":"https:\/\/olivierfelixisselin.com\/wp-content\/uploads\/2023\/06\/Article-Var-Matin-Expo-PTAC-1-1.jpg","width":664,"height":1120},{"@type":"BreadcrumbList","@id":"https:\/\/olivierfelixisselin.com\/index.php\/de\/2023\/12\/28\/kunstspaziergang-im-port-tonic-art-center\/#breadcrumb","itemListElement":[{"@type":"ListItem","position":1,"name":"Accueil","item":"https:\/\/olivierfelixisselin.com\/"},{"@type":"ListItem","position":2,"name":"Kunstspaziergang im Port Tonic Art Center."}]},{"@type":"WebSite","@id":"https:\/\/olivierfelixisselin.com\/#website","url":"https:\/\/olivierfelixisselin.com\/","name":"Olivier Felix Isselin","description":"- - -","publisher":{"@id":"https:\/\/olivierfelixisselin.com\/#organization"},"alternateName":"OFI","potentialAction":[{"@type":"SearchAction","target":{"@type":"EntryPoint","urlTemplate":"https:\/\/olivierfelixisselin.com\/?s={search_term_string}"},"query-input":{"@type":"PropertyValueSpecification","valueRequired":true,"valueName":"search_term_string"}}],"inLanguage":"fr-FR"},{"@type":"Organization","@id":"https:\/\/olivierfelixisselin.com\/#organization","name":"Olivier Felix Isselin","alternateName":"OFI","url":"https:\/\/olivierfelixisselin.com\/","logo":{"@type":"ImageObject","inLanguage":"fr-FR","@id":"https:\/\/olivierfelixisselin.com\/#\/schema\/logo\/image\/","url":"https:\/\/olivierfelixisselin.com\/wp-content\/uploads\/2023\/05\/cropped-cropped-logo-fourmiliere-ikb.png","contentUrl":"https:\/\/olivierfelixisselin.com\/wp-content\/uploads\/2023\/05\/cropped-cropped-logo-fourmiliere-ikb.png","width":512,"height":512,"caption":"Olivier Felix Isselin"},"image":{"@id":"https:\/\/olivierfelixisselin.com\/#\/schema\/logo\/image\/"},"sameAs":["https:\/\/www.facebook.com\/FelixIsselin","https:\/\/x.com\/FelixISSELIN","https:\/\/www.instagram.com\/felix.isselin\/","https:\/\/www.linkedin.com\/in\/olivier-felix-isselin-31915b84\/"]},{"@type":"Person","@id":"https:\/\/olivierfelixisselin.com\/#\/schema\/person\/7722c1cf90d811c75e665a92b208ab0a","name":"admin1037","image":{"@type":"ImageObject","inLanguage":"fr-FR","@id":"https:\/\/secure.gravatar.com\/avatar\/b2b592ff1e7ac9296f7d27f28579b35a568e15c7a7e79a5f45cdef82ead38e2c?s=96&d=robohash&r=g","url":"https:\/\/secure.gravatar.com\/avatar\/b2b592ff1e7ac9296f7d27f28579b35a568e15c7a7e79a5f45cdef82ead38e2c?s=96&d=robohash&r=g","contentUrl":"https:\/\/secure.gravatar.com\/avatar\/b2b592ff1e7ac9296f7d27f28579b35a568e15c7a7e79a5f45cdef82ead38e2c?s=96&d=robohash&r=g","caption":"admin1037"},"sameAs":["http:\/\/olivierfelixisselin.com","https:\/\/www.facebook.com\/FelixIsselin\/","https:\/\/www.instagram.com\/felix.isselin\/","https:\/\/www.linkedin.com\/in\/olivier-felix-isselin-31915b84\/"],"url":"https:\/\/olivierfelixisselin.com\/index.php\/author\/admin1037\/"}]}},"_links":{"self":[{"href":"https:\/\/olivierfelixisselin.com\/index.php\/wp-json\/wp\/v2\/posts\/3642","targetHints":{"allow":["GET"]}}],"collection":[{"href":"https:\/\/olivierfelixisselin.com\/index.php\/wp-json\/wp\/v2\/posts"}],"about":[{"href":"https:\/\/olivierfelixisselin.com\/index.php\/wp-json\/wp\/v2\/types\/post"}],"author":[{"embeddable":true,"href":"https:\/\/olivierfelixisselin.com\/index.php\/wp-json\/wp\/v2\/users\/1"}],"replies":[{"embeddable":true,"href":"https:\/\/olivierfelixisselin.com\/index.php\/wp-json\/wp\/v2\/comments?post=3642"}],"version-history":[{"count":4,"href":"https:\/\/olivierfelixisselin.com\/index.php\/wp-json\/wp\/v2\/posts\/3642\/revisions"}],"predecessor-version":[{"id":3651,"href":"https:\/\/olivierfelixisselin.com\/index.php\/wp-json\/wp\/v2\/posts\/3642\/revisions\/3651"}],"wp:attachment":[{"href":"https:\/\/olivierfelixisselin.com\/index.php\/wp-json\/wp\/v2\/media?parent=3642"}],"wp:term":[{"taxonomy":"category","embeddable":true,"href":"https:\/\/olivierfelixisselin.com\/index.php\/wp-json\/wp\/v2\/categories?post=3642"},{"taxonomy":"post_tag","embeddable":true,"href":"https:\/\/olivierfelixisselin.com\/index.php\/wp-json\/wp\/v2\/tags?post=3642"}],"curies":[{"name":"wp","href":"https:\/\/api.w.org\/{rel}","templated":true}]}}